{"id":85994,"date":"2016-05-10T18:38:11","date_gmt":"2016-05-10T21:38:11","guid":{"rendered":"http:\/\/www.redenoticia.com.br\/noticia\/?p=85994"},"modified":"2016-05-10T15:40:21","modified_gmt":"2016-05-10T18:40:21","slug":"novela-meu-coracao-e-teu-resumo-1105-henrique-surpreende-isabela","status":"publish","type":"post","link":"https:\/\/migracao.redenoticia.com.br\/noticia\/2016\/novela-meu-coracao-e-teu-resumo-1105-henrique-surpreende-isabela\/85994","title":{"rendered":"Novela \u201cMeu Cora\u00e7\u00e3o \u00e9 Teu\u201d resumo 11\/05: Henrique surpreende Isabela"},"content":{"rendered":"<p> <img loading=\"lazy\" decoding=\"async\" src=\"https:\/\/migracao.redenoticia.com.br\/noticia\/imagens\/meu_coracao_e_teu_novela_resumo_sbt-150x112.jpg\" alt=\"meu_coracao_e_teu_novela_resumo_sbt\" width=\"150\" height=\"112\" class=\"alignleft size-thumbnail wp-image-82119\" srcset=\"https:\/\/migracao.redenoticia.com.br\/noticia\/imagens\/meu_coracao_e_teu_novela_resumo_sbt-150x112.jpg 150w, https:\/\/migracao.redenoticia.com.br\/noticia\/imagens\/meu_coracao_e_teu_novela_resumo_sbt-265x198.jpg 265w\" sizes=\"auto, (max-width: 150px) 100vw, 150px\" \/><strong><em>Novela \u201cMeu Cora\u00e7\u00e3o \u00e9 Teu\u201d resumo 11\/05<\/em><\/strong>: o pai de Henrique morre e Fernando n\u00e3o pode comparecer para dar suas condol\u00eancias, pois j\u00e1 tem uma reuni\u00e3o agendada com a professora dos g\u00eameos. Isabela liga para Henrique para lhe dar os p\u00easames e se surpreende quando este o diz que Fernando, mesmo que indiretamente, foi quem matou seu pai, pois cancelou um contrato, e o fez perder tudo.<\/p>\n<p>No cap\u00edtulo 053 (*), novela \u201cMeu Cora\u00e7\u00e3o \u00e9 Teu\u201d, quarta-feira, 11 de maio \u2013 O pai de Henrique morre e Fernando n\u00e3o pode comparecer para dar suas condol\u00eancias, pois j\u00e1 tem uma reuni\u00e3o agendada com a professora dos g\u00eameos, a professora diz a Fernando que os g\u00eameos t\u00eam d\u00e9ficit de aten\u00e7\u00e3o e s\u00e3o hiperativos, isto deixa Fernando muito preocupado, mas Ana o garante que eles far\u00e3o o necess\u00e1rio para que tudo se resolva, pois s\u00e3o uma equipe. <\/p>\n<p>Fanny se encontra com Edith na universidade. Helena d\u00e1 uma bofetada em Laura e grita com ele em frente a todos na universidade, ela diz a Laura que a garota n\u00e3o passa de uma pobretona, e que far\u00e1 o poss\u00edvel para que tirem sua bolsa de estudos, Laura jura vingar-se. Ana diz a Nando que est\u00e1 preocupada com os surtos de Helena, e teme at\u00e9 onde ela possa chegar. <\/p>\n<p>Isabela liga para Henrique para lhe dar os p\u00easames e se surpreende quando este o diz que Fernando, mesmo que indiretamente, foi quem matou seu pai, pois cancelou um contrato, e o fez perder tudo. Ana se comove muito quando as crian\u00e7as a presenteiam com um viol\u00e3o novo.  <\/p>\n<p>(*) edi\u00e7\u00e3o do SBT, Novela \u201cMeu Cora\u00e7\u00e3o \u00e9 Teu\u201d, sujeito a altera\u00e7\u00e3o de data e conte\u00fado.<\/p>\n","protected":false},"excerpt":{"rendered":"<p>Novela \u201cMeu Cora\u00e7\u00e3o \u00e9 Teu\u201d resumo 11\/05: o pai de Henrique morre e Fernando n\u00e3o pode comparecer para dar suas condol\u00eancias, pois j\u00e1 tem uma reuni\u00e3o agendada com a professora dos g\u00eameos. Isabela liga para Henrique para lhe dar os p\u00easames e se surpreende quando este o diz que Fernando, mesmo que indiretamente, foi quem [&hellip;]<\/p>\n","protected":false},"author":2,"featured_media":82119,"comment_status":"open","ping_status":"closed","sticky":false,"template":"","format":"standard","meta":{"tdm_status":"","tdm_grid_status":"","footnotes":""},"categories":[379,372,343],"tags":[441],"class_list":{"0":"post-85994","1":"post","2":"type-post","3":"status-publish","4":"format-standard","5":"has-post-thumbnail","7":"category-novelas","8":"category-sbt","9":"category-televisao","10":"tag-resumo-do-dia"},"_links":{"self":[{"href":"https:\/\/migracao.redenoticia.com.br\/noticia\/wp-json\/wp\/v2\/posts\/85994","targetHints":{"allow":["GET"]}}],"collection":[{"href":"https:\/\/migracao.redenoticia.com.br\/noticia\/wp-json\/wp\/v2\/posts"}],"about":[{"href":"https:\/\/migracao.redenoticia.com.br\/noticia\/wp-json\/wp\/v2\/types\/post"}],"author":[{"embeddable":true,"href":"https:\/\/migracao.redenoticia.com.br\/noticia\/wp-json\/wp\/v2\/users\/2"}],"replies":[{"embeddable":true,"href":"https:\/\/migracao.redenoticia.com.br\/noticia\/wp-json\/wp\/v2\/comments?post=85994"}],"version-history":[{"count":0,"href":"https:\/\/migracao.redenoticia.com.br\/noticia\/wp-json\/wp\/v2\/posts\/85994\/revisions"}],"wp:featuredmedia":[{"embeddable":true,"href":"https:\/\/migracao.redenoticia.com.br\/noticia\/wp-json\/wp\/v2\/media\/82119"}],"wp:attachment":[{"href":"https:\/\/migracao.redenoticia.com.br\/noticia\/wp-json\/wp\/v2\/media?parent=85994"}],"wp:term":[{"taxonomy":"category","embeddable":true,"href":"https:\/\/migracao.redenoticia.com.br\/noticia\/wp-json\/wp\/v2\/categories?post=85994"},{"taxonomy":"post_tag","embeddable":true,"href":"https:\/\/migracao.redenoticia.com.br\/noticia\/wp-json\/wp\/v2\/tags?post=85994"}],"curies":[{"name":"wp","href":"https:\/\/api.w.org\/{rel}","templated":true}]}}