{"id":85996,"date":"2016-05-10T19:40:25","date_gmt":"2016-05-10T22:40:25","guid":{"rendered":"http:\/\/www.redenoticia.com.br\/noticia\/?p=85996"},"modified":"2016-05-10T15:42:55","modified_gmt":"2016-05-10T18:42:55","slug":"novela-cumplices-de-um-resgate-resumo-1105-c1r-visita-priscila","status":"publish","type":"post","link":"https:\/\/migracao.redenoticia.com.br\/noticia\/2016\/novela-cumplices-de-um-resgate-resumo-1105-c1r-visita-priscila\/85996","title":{"rendered":"Novela \u201cC\u00famplices de um Resgate\u201d resumo 11\/05: C1R visita Priscila"},"content":{"rendered":"<p> <img loading=\"lazy\" decoding=\"async\" src=\"https:\/\/migracao.redenoticia.com.br\/noticia\/imagens\/cumplices_de_um_resgate_sbt_novela_resumo-150x112.jpg\" alt=\"cumplices_de_um_resgate_sbt_novela_resumo\" width=\"150\" height=\"112\" class=\"alignleft size-thumbnail wp-image-71351\" srcset=\"https:\/\/migracao.redenoticia.com.br\/noticia\/imagens\/cumplices_de_um_resgate_sbt_novela_resumo-150x112.jpg 150w, https:\/\/migracao.redenoticia.com.br\/noticia\/imagens\/cumplices_de_um_resgate_sbt_novela_resumo-265x198.jpg 265w\" sizes=\"auto, (max-width: 150px) 100vw, 150px\" \/><strong><em>Novela \u201cC\u00famplices de um Resgate\u201d resumo 11\/05<\/em><\/strong>: triste por sua m\u00e3e ter escondido que tem uma filha, Priscila perde a vontade de tudo, inclusive continuar na banda C1R. Isabela, que \u00e9 Manuela, conversa com a garota e mostra que ela \u00e9 importante para os seus av\u00f3s e seus amigos. Priscila fica pensativa. A garotada da C1R vai at\u00e9 a casa de Priscila para pedir para que ela volte a fazer parte da banda. Priscila promete pensar se volta ou n\u00e3o para a banda.<\/p>\n<p>No cap\u00edtulo 203(*), novela \u201cC\u00famplice de um Resgate\u201d, quarta-feira, 11 de maio \u2013 Sabrina vai at\u00e9 a casa de Manuela e diz que ir\u00e1 dormir com ela. A banda C1R vai at\u00e9 a casa de Priscila para pedir para que ela volte para a banda. <\/p>\n<p>Tomas conta para Ta\u00edsa que Frederico nunca gostou dela, apenas lhe usou para fazer ci\u00fame em Lurdinha. Priscila promete pensar se volta ou n\u00e3o para a banda. Geraldo vai atr\u00e1s de Joel no haras. Ot\u00e1vio e Rebeca voltam da viagem. <\/p>\n<p>Frederico conta para Rebeca que Safira possui uma filha e que sempre escondeu isso de todos. Omar humilha D\u00f3ris e Mateus por conta dos sapatos velhos. Regina diz para Joaquim desistir de Isabela, sen\u00e3o ir\u00e1 sobrar para ele. Geraldo passa por Isabela, que finge ser Manuela no vilarejo. A garota fica pensativa. <\/p>\n<p>(*) edi\u00e7\u00e3o do SBT, Novela \u201cC\u00famplices de um Resgate\u201d, sujeito a altera\u00e7\u00e3o de data e conte\u00fado. <\/p>\n","protected":false},"excerpt":{"rendered":"<p>Novela \u201cC\u00famplices de um Resgate\u201d resumo 11\/05: triste por sua m\u00e3e ter escondido que tem uma filha, Priscila perde a vontade de tudo, inclusive continuar na banda C1R. Isabela, que \u00e9 Manuela, conversa com a garota e mostra que ela \u00e9 importante para os seus av\u00f3s e seus amigos. Priscila fica pensativa. A garotada da [&hellip;]<\/p>\n","protected":false},"author":2,"featured_media":71351,"comment_status":"open","ping_status":"closed","sticky":false,"template":"","format":"standard","meta":{"tdm_status":"","tdm_grid_status":"","footnotes":""},"categories":[379,372,343],"tags":[441],"class_list":{"0":"post-85996","1":"post","2":"type-post","3":"status-publish","4":"format-standard","5":"has-post-thumbnail","7":"category-novelas","8":"category-sbt","9":"category-televisao","10":"tag-resumo-do-dia"},"_links":{"self":[{"href":"https:\/\/migracao.redenoticia.com.br\/noticia\/wp-json\/wp\/v2\/posts\/85996","targetHints":{"allow":["GET"]}}],"collection":[{"href":"https:\/\/migracao.redenoticia.com.br\/noticia\/wp-json\/wp\/v2\/posts"}],"about":[{"href":"https:\/\/migracao.redenoticia.com.br\/noticia\/wp-json\/wp\/v2\/types\/post"}],"author":[{"embeddable":true,"href":"https:\/\/migracao.redenoticia.com.br\/noticia\/wp-json\/wp\/v2\/users\/2"}],"replies":[{"embeddable":true,"href":"https:\/\/migracao.redenoticia.com.br\/noticia\/wp-json\/wp\/v2\/comments?post=85996"}],"version-history":[{"count":0,"href":"https:\/\/migracao.redenoticia.com.br\/noticia\/wp-json\/wp\/v2\/posts\/85996\/revisions"}],"wp:featuredmedia":[{"embeddable":true,"href":"https:\/\/migracao.redenoticia.com.br\/noticia\/wp-json\/wp\/v2\/media\/71351"}],"wp:attachment":[{"href":"https:\/\/migracao.redenoticia.com.br\/noticia\/wp-json\/wp\/v2\/media?parent=85996"}],"wp:term":[{"taxonomy":"category","embeddable":true,"href":"https:\/\/migracao.redenoticia.com.br\/noticia\/wp-json\/wp\/v2\/categories?post=85996"},{"taxonomy":"post_tag","embeddable":true,"href":"https:\/\/migracao.redenoticia.com.br\/noticia\/wp-json\/wp\/v2\/tags?post=85996"}],"curies":[{"name":"wp","href":"https:\/\/api.w.org\/{rel}","templated":true}]}}