{"id":86000,"date":"2016-05-10T19:46:19","date_gmt":"2016-05-10T22:46:19","guid":{"rendered":"http:\/\/www.redenoticia.com.br\/noticia\/?p=86000"},"modified":"2016-05-10T15:50:58","modified_gmt":"2016-05-10T18:50:58","slug":"novela-eta-mundo-bom-resumo-1105-cunegundes-foge-para-a-capital","status":"publish","type":"post","link":"https:\/\/migracao.redenoticia.com.br\/noticia\/2016\/novela-eta-mundo-bom-resumo-1105-cunegundes-foge-para-a-capital\/86000","title":{"rendered":"Novela \u201cEta Mundo Bom\u201d resumo 11\/05: Cunegundes foge para a capital"},"content":{"rendered":"<p> <img loading=\"lazy\" decoding=\"async\" class=\"alignleft size-thumbnail wp-image-82131\" src=\"https:\/\/migracao.redenoticia.com.br\/noticia\/imagens\/eta_mundo_bom_globo_novela_resumo-150x112.jpg\" alt=\"eta_mundo_bom_globo_novela_resumo\" width=\"150\" height=\"112\" srcset=\"https:\/\/migracao.redenoticia.com.br\/noticia\/imagens\/eta_mundo_bom_globo_novela_resumo-150x112.jpg 150w, https:\/\/migracao.redenoticia.com.br\/noticia\/imagens\/eta_mundo_bom_globo_novela_resumo-265x198.jpg 265w\" sizes=\"auto, (max-width: 150px) 100vw, 150px\" \/><strong><em>Novela \u201cEta Mundo Bom\u201d resumo 11\/05<\/em><\/strong>: Filomena n\u00e3o vai poder comprar a fazenda e Cunegundes precisa encontrar uma sa\u00edda para o seu problema. Ela tem uma ideia e explica para a fam\u00edlia. Cunegundes resolve mudar para a casa de Anast\u00e1cia e Candinho para evitar o leil\u00e3o da fazenda, pois se n\u00e3o for encontrada para assinar a ordem de despejo, n\u00e3o pode ser expulsa da propriedade. Assim, ela e fam\u00edlia chegam \u00e0 casa de Candinho. Anast\u00e1cia acolhe muito bem a fam\u00edlia de cria\u00e7\u00e3o de seu filho, mas Pancr\u00e1cio desconfia das inten\u00e7\u00f5es de Cunegundes e n\u00e3o acredita na vers\u00e3o dela de que estava com saudade de Candinho.<\/p>\n<p>No capitulo 099 (*), novela \u201cEta Mundo Bom\u201d, quarta-feira, 11 de maio \u2013 Cungundes explica a ideia de mudar para a casa de Anast\u00e1cia e Candinho para evitar o leil\u00e3o da fazenda. Anast\u00e1cia pede conselhos a Pancr\u00e1cio sobre a uni\u00e3o de Candinho e Sandra. Severo ofende Diana. <\/p>\n<p>Maria promete a Celso que se casar\u00e1 com ele. Braz confia o livro de receitas de Ana a Maria, que estranha o comportamento do irm\u00e3o. Mafalda e Z\u00e9 dos Porcos se despedem com um beijo. <\/p>\n<p>Cunegundes pro\u00edbe a ida de Manuela para S\u00e3o Paulo. Severo maltrata Diana. Braz convence Diana a tirar a casa de Severo. Cunegundes e fam\u00edlia chegam \u00e0 casa de Candinho.<\/p>\n<p>(*) edi\u00e7\u00e3o da Rede Globo, Novela \u201cEta Mundo Bom\u201d, sujeito a altera\u00e7\u00e3o de data e conte\u00fado.<\/p>\n","protected":false},"excerpt":{"rendered":"<p>Novela \u201cEta Mundo Bom\u201d resumo 11\/05: Filomena n\u00e3o vai poder comprar a fazenda e Cunegundes precisa encontrar uma sa\u00edda para o seu problema. Ela tem uma ideia e explica para a fam\u00edlia. Cunegundes resolve mudar para a casa de Anast\u00e1cia e Candinho para evitar o leil\u00e3o da fazenda, pois se n\u00e3o for encontrada para assinar [&hellip;]<\/p>\n","protected":false},"author":2,"featured_media":79935,"comment_status":"open","ping_status":"closed","sticky":false,"template":"","format":"standard","meta":{"tdm_status":"","tdm_grid_status":"","footnotes":""},"categories":[379,375,343],"tags":[441],"class_list":{"0":"post-86000","1":"post","2":"type-post","3":"status-publish","4":"format-standard","5":"has-post-thumbnail","7":"category-novelas","8":"category-rede-globo","9":"category-televisao","10":"tag-resumo-do-dia"},"_links":{"self":[{"href":"https:\/\/migracao.redenoticia.com.br\/noticia\/wp-json\/wp\/v2\/posts\/86000","targetHints":{"allow":["GET"]}}],"collection":[{"href":"https:\/\/migracao.redenoticia.com.br\/noticia\/wp-json\/wp\/v2\/posts"}],"about":[{"href":"https:\/\/migracao.redenoticia.com.br\/noticia\/wp-json\/wp\/v2\/types\/post"}],"author":[{"embeddable":true,"href":"https:\/\/migracao.redenoticia.com.br\/noticia\/wp-json\/wp\/v2\/users\/2"}],"replies":[{"embeddable":true,"href":"https:\/\/migracao.redenoticia.com.br\/noticia\/wp-json\/wp\/v2\/comments?post=86000"}],"version-history":[{"count":0,"href":"https:\/\/migracao.redenoticia.com.br\/noticia\/wp-json\/wp\/v2\/posts\/86000\/revisions"}],"wp:featuredmedia":[{"embeddable":true,"href":"https:\/\/migracao.redenoticia.com.br\/noticia\/wp-json\/wp\/v2\/media\/79935"}],"wp:attachment":[{"href":"https:\/\/migracao.redenoticia.com.br\/noticia\/wp-json\/wp\/v2\/media?parent=86000"}],"wp:term":[{"taxonomy":"category","embeddable":true,"href":"https:\/\/migracao.redenoticia.com.br\/noticia\/wp-json\/wp\/v2\/categories?post=86000"},{"taxonomy":"post_tag","embeddable":true,"href":"https:\/\/migracao.redenoticia.com.br\/noticia\/wp-json\/wp\/v2\/tags?post=86000"}],"curies":[{"name":"wp","href":"https:\/\/api.w.org\/{rel}","templated":true}]}}