{"id":8605,"date":"2009-08-14T11:36:40","date_gmt":"2009-08-14T15:36:40","guid":{"rendered":"http:\/\/www.redenoticia.com.br\/noticia\/?p=8605"},"modified":"2009-08-14T11:36:40","modified_gmt":"2009-08-14T15:36:40","slug":"merendeiras-das-escolas-de-ji-parana-rondonia-participam-de-oficina-culinaria","status":"publish","type":"post","link":"https:\/\/migracao.redenoticia.com.br\/noticia\/2009\/merendeiras-das-escolas-de-ji-parana-rondonia-participam-de-oficina-culinaria\/8605","title":{"rendered":"Merendeiras das escolas de Ji-Paran\u00e1, Rond\u00f4nia, participam de oficina culin\u00e1ria"},"content":{"rendered":"<p>A\u00a0Escola Municipal da zona rural de Ji-Paran\u00e1 (Rond\u00f4nia), Ulisses Matosinho, foi o local escolhido para a realiza\u00e7\u00e3o da 4\u00b0 Oficina de Culin\u00e1ria. O evento foi realizado na tarde da \u00faltima quinta-feira (13), e doze merendeiras participaram da Oficina, sendo quatro da Escola da Ulisses, duas da Escola In\u00e1cio de Loiola, duas da Escola B\u00e1rbara Heliodora e quatro da Escola Rio S\u00e3o Francisco.<\/p>\n<figure id=\"attachment_8609\" aria-describedby=\"caption-attachment-8609\" style=\"width: 250px\" class=\"wp-caption alignleft\"><a href=\"https:\/\/migracao.redenoticia.com.br\/noticia\/imagens\/\/MerendeirasDeJi-Parana.gif\"><img loading=\"lazy\" decoding=\"async\" class=\"size-medium wp-image-8609\" title=\"Merendeiras De Ji-Parana\" src=\"https:\/\/migracao.redenoticia.com.br\/noticia\/imagens\/\/MerendeirasDeJi-Parana-250x168.gif\" alt=\"Merendeiras trocam receitas\" width=\"250\" height=\"168\" srcset=\"https:\/\/migracao.redenoticia.com.br\/noticia\/imagens\/MerendeirasDeJi-Parana-250x168.gif 250w, https:\/\/migracao.redenoticia.com.br\/noticia\/imagens\/MerendeirasDeJi-Parana-400x269.gif 400w, https:\/\/migracao.redenoticia.com.br\/noticia\/imagens\/MerendeirasDeJi-Parana-150x100.gif 150w\" sizes=\"auto, (max-width: 250px) 100vw, 250px\" \/><\/a><figcaption id=\"caption-attachment-8609\" class=\"wp-caption-text\">Merendeiras trocam receitas<\/figcaption><\/figure>\n<p>Essas oficinas fazem parte do Programa Nacional de Alimenta\u00e7\u00e3o Escolar (PNAE) implantado em 1955, que garante, por meio da transfer\u00eancia de recursos financeiros, a alimenta\u00e7\u00e3o escolar dos alunos de toda a educa\u00e7\u00e3o b\u00e1sica (educa\u00e7\u00e3o infantil, ensino fundamental, ensino m\u00e9dio e educa\u00e7\u00e3o de jovens e adultos) matriculados em escolas p\u00fablicas e filantr\u00f3picas.<\/p>\n<p>Em Ji-Paran\u00e1\u00a0 as Escolas Municipais recebem a contrapartida da Prefeitura somada ao recurso do FNDE. Atualmente, o valor repassado pela Uni\u00e3o, por dia letivo, \u00e9 de R$ 0,22 por aluno, por esse motivo foi feito uma parceria com o munic\u00edpio para que seja dada continuidade ao programa.\u00a0 As 27 Escolas municipais participaram dessas oficinas.<\/p>\n<p>De acordo com Rosemaria Waldraff da Silva, Nutricionista respons\u00e1vel t\u00e9cnica pelo programa, o objetivo dessas oficinas \u00e9 atender \u00e0s necessidades nutricionais dos alunos durante sua perman\u00eancia em sala de aula, contribuindo para o crescimento, o desenvolvimento, a aprendizagem e o rendimento escolar dos estudantes, bem como promover a forma\u00e7\u00e3o de h\u00e1bitos alimentares saud\u00e1veis.<\/p>\n<p>Segundo Sara Dalva de Oliveira Santiago, Superintendente de Administra\u00e7\u00e3o da Secret\u00e1ria Municipal de Educa\u00e7\u00e3o (SEMED), esse projeto acontece com a participa\u00e7\u00e3o das merendeiras, onde elas aproveitam para trocar receitas. Sara tamb\u00e9m afirma que grande parte dos alunos vem para a escola sem se alimentar corretamente, e para muitos deles a merenda escolar acaba sendo a refei\u00e7\u00e3o di\u00e1ria mais importante.<\/p>\n<p>Nessa oficina as merendeiras de cada escola apresentaram suas receitas: suco de maracuj\u00e1 com couve, bolo de cenoura e de fub\u00e1, torta de frango, torta de biscoito doce, lasanha de bolacha de sal e canjiquinha de frango.<\/p>\n","protected":false},"excerpt":{"rendered":"<p>A\u00a0Escola Municipal da zona rural de Ji-Paran\u00e1 (Rond\u00f4nia), Ulisses Matosinho, foi o local escolhido para a realiza\u00e7\u00e3o da 4\u00b0 Oficina de Culin\u00e1ria. O evento foi realizado na tarde da \u00faltima quinta-feira (13), e doze merendeiras participaram da Oficina, sendo quatro da Escola da Ulisses, duas da Escola In\u00e1cio de Loiola, duas da Escola B\u00e1rbara Heliodora [&hellip;]<\/p>\n","protected":false},"author":2,"featured_media":0,"comment_status":"open","ping_status":"open","sticky":false,"template":"","format":"standard","meta":{"tdm_status":"","tdm_grid_status":"","footnotes":""},"categories":[22],"tags":[],"class_list":{"0":"post-8605","1":"post","2":"type-post","3":"status-publish","4":"format-standard","6":"category-brasil"},"_links":{"self":[{"href":"https:\/\/migracao.redenoticia.com.br\/noticia\/wp-json\/wp\/v2\/posts\/8605","targetHints":{"allow":["GET"]}}],"collection":[{"href":"https:\/\/migracao.redenoticia.com.br\/noticia\/wp-json\/wp\/v2\/posts"}],"about":[{"href":"https:\/\/migracao.redenoticia.com.br\/noticia\/wp-json\/wp\/v2\/types\/post"}],"author":[{"embeddable":true,"href":"https:\/\/migracao.redenoticia.com.br\/noticia\/wp-json\/wp\/v2\/users\/2"}],"replies":[{"embeddable":true,"href":"https:\/\/migracao.redenoticia.com.br\/noticia\/wp-json\/wp\/v2\/comments?post=8605"}],"version-history":[{"count":0,"href":"https:\/\/migracao.redenoticia.com.br\/noticia\/wp-json\/wp\/v2\/posts\/8605\/revisions"}],"wp:attachment":[{"href":"https:\/\/migracao.redenoticia.com.br\/noticia\/wp-json\/wp\/v2\/media?parent=8605"}],"wp:term":[{"taxonomy":"category","embeddable":true,"href":"https:\/\/migracao.redenoticia.com.br\/noticia\/wp-json\/wp\/v2\/categories?post=8605"},{"taxonomy":"post_tag","embeddable":true,"href":"https:\/\/migracao.redenoticia.com.br\/noticia\/wp-json\/wp\/v2\/tags?post=8605"}],"curies":[{"name":"wp","href":"https:\/\/api.w.org\/{rel}","templated":true}]}}