{"id":8606,"date":"2009-08-14T11:31:18","date_gmt":"2009-08-14T15:31:18","guid":{"rendered":"http:\/\/www.redenoticia.com.br\/noticia\/?p=8606"},"modified":"2009-08-14T11:42:49","modified_gmt":"2009-08-14T15:42:49","slug":"clima-tempo-das-regioes-do-brasil-nesta-sexta-feira-1408","status":"publish","type":"post","link":"https:\/\/migracao.redenoticia.com.br\/noticia\/2009\/clima-tempo-das-regioes-do-brasil-nesta-sexta-feira-1408\/8606","title":{"rendered":"Climatempo das regi\u00f5es do Brasil nesta sexta-feira (14\/08)"},"content":{"rendered":"<p>Climatempo informa que uma forte massa de ar seco domina as condi\u00e7\u00f5es do tempo no centro-sul do Brasil e impede a forma\u00e7\u00e3o de nuvens carregadas. A temperatura est\u00e1 bastante baixa especialmente nas \u00e1reas da Serra da Mantiqueira. Segundo o Climatempo, todo o sul da Amaz\u00f4nia tamb\u00e9m est\u00e1 praticamente sem nuvens por conta do ar seco. Nuvens baixas predominam no ES e no leste e nordeste de MG e s\u00e3o refor\u00e7adas pela umidade que chega do mar. No leste do Nordeste, \u00e1reas de instabilidade avan\u00e7am do mar e deixam o tempo carregado.<\/p>\n<p>Climatempo Sudeste &#8211; na sexta-feira, o ar mais seco volta a predominar em grande parte do Sudeste. Quase toda a Regi\u00e3o tem um dia com bastante sol, poucas nuvens e temperaturas amenas ao amanhecer. O resfriamento da madrugada favorece a forma\u00e7\u00e3o de geada na serra da Mantiqueira. No Esp\u00edrito Santo e no Vale do Jequitinhonha o sol aparece entre muitas nuvens. C\u00e9u nublado e chuva no norte capixaba.<\/p>\n<p>Climatempo Norte &#8211; na sexta-feira, o ar seco atua em quase toda Regi\u00e3o Norte. A queda da umidade inibe a ocorr\u00eancia de chuva na maioria das \u00e1reas. O sol brilha forte em todos os Estados. Algumas pancadas de chuva ocorrem no centro-norte do Amazonas, em Roraima, no norte e no noroeste do Par\u00e1 e no Amap\u00e1. A umidade relativa do ar continua muito baixa no sul do Par\u00e1 e no Tocantins.<\/p>\n<p>Climatempo Nordeste &#8211; na sexta-feira, o sol aparece, mas \u00e1reas de instabilidade ainda deixam muitas nuvens e provocam chuva no sul da Bahia e no Planalto da Conquista o sol aparece entre muitas nuvens e ocorrem pancadas de chuva no leste baiano, na regi\u00e3o de Paulo Afonso, em Sergipe, em Alagoas, no leste de Pernambuco, da Para\u00edba e do Rio Grande do Norte. As demais regi\u00f5es t\u00eam mais um dia ensolarado e sem chuva.<\/p>\n<p>Climatempo Sul &#8211; na sexta-feira, o ar se aquece um pouco mais na Regi\u00e3o. Todas as \u00e1reas do Sul do Pa\u00eds t\u00eam um dia com bastante sol e pouca nebulosidade. H\u00e1 condi\u00e7\u00f5es de n\u00e9voa no come\u00e7o da manh\u00e3 no leste paranaense.<\/p>\n<p>Climatempo Centro-Oeste &#8211; na sexta-feira, todo o Centro-Oeste continua sob o predom\u00ednio de uma forte massa de ar seco que cobre grande parte do Pa\u00eds. O sol ainda aparece com for\u00e7a e n\u00e3o h\u00e1 previs\u00e3o de chuva para nenhuma \u00e1rea da Regi\u00e3o.<\/p>\n<p>Sobre o Grupo Climatempo &#8211; O Grupo Climatempo \u00e9 a maior empresa privada de meteorologia do pa\u00eds. Uma holding formada pela Climatempo Consultoria, Ag\u00eancia Climatempo, a TV Clima tempo e a CLIMANET (Internet, servi\u00e7os de tecnologia e inform\u00e1tica). Atualmente, o Grupo Clima tempo fornece conte\u00fado para os principais portais do pa\u00eds, mais de 50 retransmissoras de televis\u00e3o do Brasil, r\u00e1dios e tem cerca de mil clientes. Os dois principais segmentos atendidos s\u00e3o o de agroneg\u00f3cios e meios de comunica\u00e7\u00e3o. Al\u00e9m destes, fornece conte\u00fado meteorol\u00f3gico estrat\u00e9gico para produtoras, a ind\u00fastria eletroeletr\u00f4nica e t\u00eaxtil, com\u00e9rcio, moda e turismo, constru\u00e7\u00e3o civil, setor de energia, entre outros setores.<\/p>\n<p>O Grupo \u00e9 presidido pelo meteorologista Carlos Magno, um dos primeiros comunicadores da profiss\u00e3o no Pa\u00eds, com mais de 23 anos de carreira, que ajudou a mudar a cultura que o brasileiro tinha sobre a meteorologia. O Grupo Climatempo conta ainda com Ana L\u00facia Frony vice-presidente, Renato Urbinder, s\u00f3cio-diretor (Diretor de Neg\u00f3cios e Projetos Especiais), e os diretores executivos Gilca Palma (Climatempo Meteorologia), Andr\u00e9 Madeira (Ag\u00eancia Climatempo) e o jornalista Paulo Polli (TV Climatempo) no Conselho Consultivo.<\/p>\n","protected":false},"excerpt":{"rendered":"<p>Climatempo informa que uma forte massa de ar seco domina as condi\u00e7\u00f5es do tempo no centro-sul do Brasil e impede a forma\u00e7\u00e3o de nuvens carregadas. A temperatura est\u00e1 bastante baixa especialmente nas \u00e1reas da Serra da Mantiqueira. Segundo o Climatempo, todo o sul da Amaz\u00f4nia tamb\u00e9m est\u00e1 praticamente sem nuvens por conta do ar seco. [&hellip;]<\/p>\n","protected":false},"author":3,"featured_media":0,"comment_status":"open","ping_status":"open","sticky":false,"template":"","format":"standard","meta":{"tdm_status":"","tdm_grid_status":"","footnotes":""},"categories":[22,327],"tags":[],"class_list":{"0":"post-8606","1":"post","2":"type-post","3":"status-publish","4":"format-standard","6":"category-brasil","7":"category-clima"},"_links":{"self":[{"href":"https:\/\/migracao.redenoticia.com.br\/noticia\/wp-json\/wp\/v2\/posts\/8606","targetHints":{"allow":["GET"]}}],"collection":[{"href":"https:\/\/migracao.redenoticia.com.br\/noticia\/wp-json\/wp\/v2\/posts"}],"about":[{"href":"https:\/\/migracao.redenoticia.com.br\/noticia\/wp-json\/wp\/v2\/types\/post"}],"author":[{"embeddable":true,"href":"https:\/\/migracao.redenoticia.com.br\/noticia\/wp-json\/wp\/v2\/users\/3"}],"replies":[{"embeddable":true,"href":"https:\/\/migracao.redenoticia.com.br\/noticia\/wp-json\/wp\/v2\/comments?post=8606"}],"version-history":[{"count":0,"href":"https:\/\/migracao.redenoticia.com.br\/noticia\/wp-json\/wp\/v2\/posts\/8606\/revisions"}],"wp:attachment":[{"href":"https:\/\/migracao.redenoticia.com.br\/noticia\/wp-json\/wp\/v2\/media?parent=8606"}],"wp:term":[{"taxonomy":"category","embeddable":true,"href":"https:\/\/migracao.redenoticia.com.br\/noticia\/wp-json\/wp\/v2\/categories?post=8606"},{"taxonomy":"post_tag","embeddable":true,"href":"https:\/\/migracao.redenoticia.com.br\/noticia\/wp-json\/wp\/v2\/tags?post=8606"}],"curies":[{"name":"wp","href":"https:\/\/api.w.org\/{rel}","templated":true}]}}