{"id":86063,"date":"2016-05-11T21:40:50","date_gmt":"2016-05-12T00:40:50","guid":{"rendered":"http:\/\/www.redenoticia.com.br\/noticia\/?p=86063"},"modified":"2016-05-11T21:40:50","modified_gmt":"2016-05-12T00:40:50","slug":"novela-cuidado-com-o-anjo-resumo-1205-ana-julia-propoe-pacto-a-cecilia","status":"publish","type":"post","link":"https:\/\/migracao.redenoticia.com.br\/noticia\/2016\/novela-cuidado-com-o-anjo-resumo-1205-ana-julia-propoe-pacto-a-cecilia\/86063","title":{"rendered":"Novela \u201cCuidado com o Anjo\u201d resumo 12\/05: Ana J\u00falia prop\u00f5e pacto a Cec\u00edlia"},"content":{"rendered":"<p> <img loading=\"lazy\" decoding=\"async\" src=\"https:\/\/migracao.redenoticia.com.br\/noticia\/imagens\/cuidado-com-o-anjo-novela-resumo-capitulo-sbt-episodio-150x112.jpg\" alt=\"cuidado com o anjo novela resumo capitulo sbt episodio\" width=\"150\" height=\"112\" class=\"alignleft size-thumbnail wp-image-82049\" srcset=\"https:\/\/migracao.redenoticia.com.br\/noticia\/imagens\/cuidado-com-o-anjo-novela-resumo-capitulo-sbt-episodio-150x112.jpg 150w, https:\/\/migracao.redenoticia.com.br\/noticia\/imagens\/cuidado-com-o-anjo-novela-resumo-capitulo-sbt-episodio-265x198.jpg 265w\" sizes=\"auto, (max-width: 150px) 100vw, 150px\" \/><strong><em>Novela \u201cCuidado com o Anjo\u201d resumo 12\/05<\/em><\/strong>: Ana J\u00falia n\u00e3o desiste. Ela est\u00e1 gr\u00e1vida de Amador, mas vai at\u00e9 a casa dos Velarde e diz que espera um filho de Jo\u00e3o Miguel e, ainda, amea\u00e7a dizer toda a verdade a Mal\u00fa.  Ela prop\u00f5e um pacto a Cec\u00edlia e Patr\u00edcio e promete n\u00e3o dizer nada a Mal\u00fa se em troca eles convencerem Jo\u00e3o Miguel a se casar com ela.<\/p>\n<p>No capitulo 119 (*), novela \u201cCuidado com o Anjo\u201d, quinta-feira, 12 de maio \u2013 Depois de analisar os exames, o Dr. Ballesteros diz a Jo\u00e3o Miguel que a situa\u00e7\u00e3o \u00e9 muito complicada e \u00e9 quase imposs\u00edvel realizar a cirurgia. <\/p>\n<p>O rapaz insiste em oper\u00e1-la mesmo sabendo que Mal\u00fa pode perder a mem\u00f3ria, ficar louca ou perder a vida. Dr. Ballesteros \u00e9 contra a cirurgia e decide falar com os pais de Mal\u00fa. Jo\u00e3o Miguel pede a Cec\u00edlia e Patr\u00edcio que permitam que opere Mal\u00fa apesar dos riscos. A mo\u00e7a se emociona quando Jo\u00e3o Miguel lhe d\u00e1 uma bicicleta e diz que juntos v\u00e3o percorrer a cidade. <\/p>\n<p>Ana J\u00falia aparece na casa dos Velarde, diz que espera um filho de Jo\u00e3o Miguel e amea\u00e7a dizer toda a verdade a Mal\u00fa. Vicente se hospeda na casa de Amador sem imaginar que ele \u00e9 o respons\u00e1vel por tudo que est\u00e1 acontecendo. Ana J\u00falia prop\u00f5e um pacto a Cec\u00edlia e Patr\u00edcio e promete n\u00e3o dizer nada a Mal\u00fa se em troca eles convencerem Jo\u00e3o Miguel a se casar com ela.  <\/p>\n<p>(*) edi\u00e7\u00e3o do SBT, Novela \u201cCuidado com o Anjo\u201d, sujeito a altera\u00e7\u00e3o de data e conte\u00fado.<\/p>\n","protected":false},"excerpt":{"rendered":"<p>Novela \u201cCuidado com o Anjo\u201d resumo 12\/05: Ana J\u00falia n\u00e3o desiste. Ela est\u00e1 gr\u00e1vida de Amador, mas vai at\u00e9 a casa dos Velarde e diz que espera um filho de Jo\u00e3o Miguel e, ainda, amea\u00e7a dizer toda a verdade a Mal\u00fa. Ela prop\u00f5e um pacto a Cec\u00edlia e Patr\u00edcio e promete n\u00e3o dizer nada a [&hellip;]<\/p>\n","protected":false},"author":2,"featured_media":82049,"comment_status":"open","ping_status":"closed","sticky":false,"template":"","format":"standard","meta":{"tdm_status":"","tdm_grid_status":"","footnotes":""},"categories":[379,372,343],"tags":[441],"class_list":{"0":"post-86063","1":"post","2":"type-post","3":"status-publish","4":"format-standard","5":"has-post-thumbnail","7":"category-novelas","8":"category-sbt","9":"category-televisao","10":"tag-resumo-do-dia"},"_links":{"self":[{"href":"https:\/\/migracao.redenoticia.com.br\/noticia\/wp-json\/wp\/v2\/posts\/86063","targetHints":{"allow":["GET"]}}],"collection":[{"href":"https:\/\/migracao.redenoticia.com.br\/noticia\/wp-json\/wp\/v2\/posts"}],"about":[{"href":"https:\/\/migracao.redenoticia.com.br\/noticia\/wp-json\/wp\/v2\/types\/post"}],"author":[{"embeddable":true,"href":"https:\/\/migracao.redenoticia.com.br\/noticia\/wp-json\/wp\/v2\/users\/2"}],"replies":[{"embeddable":true,"href":"https:\/\/migracao.redenoticia.com.br\/noticia\/wp-json\/wp\/v2\/comments?post=86063"}],"version-history":[{"count":0,"href":"https:\/\/migracao.redenoticia.com.br\/noticia\/wp-json\/wp\/v2\/posts\/86063\/revisions"}],"wp:featuredmedia":[{"embeddable":true,"href":"https:\/\/migracao.redenoticia.com.br\/noticia\/wp-json\/wp\/v2\/media\/82049"}],"wp:attachment":[{"href":"https:\/\/migracao.redenoticia.com.br\/noticia\/wp-json\/wp\/v2\/media?parent=86063"}],"wp:term":[{"taxonomy":"category","embeddable":true,"href":"https:\/\/migracao.redenoticia.com.br\/noticia\/wp-json\/wp\/v2\/categories?post=86063"},{"taxonomy":"post_tag","embeddable":true,"href":"https:\/\/migracao.redenoticia.com.br\/noticia\/wp-json\/wp\/v2\/tags?post=86063"}],"curies":[{"name":"wp","href":"https:\/\/api.w.org\/{rel}","templated":true}]}}