{"id":86067,"date":"2016-05-11T21:46:54","date_gmt":"2016-05-12T00:46:54","guid":{"rendered":"http:\/\/www.redenoticia.com.br\/noticia\/?p=86067"},"modified":"2016-05-11T21:46:54","modified_gmt":"2016-05-12T00:46:54","slug":"novela-meu-coracao-e-teu-resumo-1205-isabela-tenta-jogar-ana-escada-abaixo","status":"publish","type":"post","link":"https:\/\/migracao.redenoticia.com.br\/noticia\/2016\/novela-meu-coracao-e-teu-resumo-1205-isabela-tenta-jogar-ana-escada-abaixo\/86067","title":{"rendered":"Novela \u201cMeu Cora\u00e7\u00e3o \u00e9 Teu\u201d resumo 12\/05: Isabela tenta jogar Ana escada abaixo"},"content":{"rendered":"<p> <img loading=\"lazy\" decoding=\"async\" src=\"https:\/\/migracao.redenoticia.com.br\/noticia\/imagens\/meu_coracao_e_teu_novela_resumo_sbt-150x112.jpg\" alt=\"meu_coracao_e_teu_novela_resumo_sbt\" width=\"150\" height=\"112\" class=\"alignleft size-thumbnail wp-image-82119\" srcset=\"https:\/\/migracao.redenoticia.com.br\/noticia\/imagens\/meu_coracao_e_teu_novela_resumo_sbt-150x112.jpg 150w, https:\/\/migracao.redenoticia.com.br\/noticia\/imagens\/meu_coracao_e_teu_novela_resumo_sbt-265x198.jpg 265w\" sizes=\"auto, (max-width: 150px) 100vw, 150px\" \/><strong><em>Novela \u201cMeu Cora\u00e7\u00e3o \u00e9 Teu\u201d resumo 12\/05<\/em><\/strong>: Isabela conversa com Fernando a respeito ao acordo de div\u00f3rcio, que \u00e9 muito generoso. Depois, ela chora porque n\u00e3o quer perde-lo e deseja voltar a trabalhar na empresa, agora que Henrique n\u00e3o est\u00e1 mais por l\u00e1. Mas, a mo\u00e7a n\u00e3o deixa de fazer suas maldades. Ela tenta jogar Ana escada abaixo, mas Bruno chega a tempo de evitar.<\/p>\n<p>No cap\u00edtulo 054 (*), novela \u201cMeu Cora\u00e7\u00e3o \u00e9 Teu\u201d, quinta-feira, 12 de maio \u2013 Diego d\u00e1 a not\u00edcia a Ana sobre o nome do comprador de seu viol\u00e3o, e a diz que agora precisam encontr\u00e1-lo, pois ele pode ser seu pai. Fanny est\u00e1 com Edith na casa de Helena, e Edith julga Fanny por ser uma garota rica, Edith conhece Nando. Fernando pede a Ana que o acompanhe ao psiquiatra com os g\u00eameos. <\/p>\n<p>Isabela fala com Fernando com respeito ao acordo de div\u00f3rcio, que \u00e9 muito generoso. Laura vai falar com Fanny, mas elas acabam brigando. Isabela tenta jogar Ana escada abaixo, mas Bruno chega a tempo de evitar. Isabela chora porque n\u00e3o quer perder Fernando, e deseja voltar a trabalhar na empresa, agora que Henrique n\u00e3o est\u00e1 mais por l\u00e1. <\/p>\n<p>Fernando flagra Fanny e Leon aos beijos em um carro, e se mostra preocupado com o romance, e o qu\u00e3o longe eles j\u00e1 podem ter chego. Ana comete uma indiscri\u00e7\u00e3o ao dar a entender para Fernando que Fanny e Leon tiveram rela\u00e7\u00f5es sexuais, ele diz a Ana que j\u00e1 suspeitava. Nando interrompe a conversa para falar de sua rela\u00e7\u00e3o com Helena.   <\/p>\n<p>(*) edi\u00e7\u00e3o do SBT, Novela \u201cMeu Cora\u00e7\u00e3o \u00e9 Teu\u201d, sujeito a altera\u00e7\u00e3o de data e conte\u00fado.<\/p>\n","protected":false},"excerpt":{"rendered":"<p>Novela \u201cMeu Cora\u00e7\u00e3o \u00e9 Teu\u201d resumo 12\/05: Isabela conversa com Fernando a respeito ao acordo de div\u00f3rcio, que \u00e9 muito generoso. Depois, ela chora porque n\u00e3o quer perde-lo e deseja voltar a trabalhar na empresa, agora que Henrique n\u00e3o est\u00e1 mais por l\u00e1. Mas, a mo\u00e7a n\u00e3o deixa de fazer suas maldades. Ela tenta jogar [&hellip;]<\/p>\n","protected":false},"author":2,"featured_media":82119,"comment_status":"open","ping_status":"closed","sticky":false,"template":"","format":"standard","meta":{"tdm_status":"","tdm_grid_status":"","footnotes":""},"categories":[379,372,343],"tags":[441],"class_list":{"0":"post-86067","1":"post","2":"type-post","3":"status-publish","4":"format-standard","5":"has-post-thumbnail","7":"category-novelas","8":"category-sbt","9":"category-televisao","10":"tag-resumo-do-dia"},"_links":{"self":[{"href":"https:\/\/migracao.redenoticia.com.br\/noticia\/wp-json\/wp\/v2\/posts\/86067","targetHints":{"allow":["GET"]}}],"collection":[{"href":"https:\/\/migracao.redenoticia.com.br\/noticia\/wp-json\/wp\/v2\/posts"}],"about":[{"href":"https:\/\/migracao.redenoticia.com.br\/noticia\/wp-json\/wp\/v2\/types\/post"}],"author":[{"embeddable":true,"href":"https:\/\/migracao.redenoticia.com.br\/noticia\/wp-json\/wp\/v2\/users\/2"}],"replies":[{"embeddable":true,"href":"https:\/\/migracao.redenoticia.com.br\/noticia\/wp-json\/wp\/v2\/comments?post=86067"}],"version-history":[{"count":0,"href":"https:\/\/migracao.redenoticia.com.br\/noticia\/wp-json\/wp\/v2\/posts\/86067\/revisions"}],"wp:featuredmedia":[{"embeddable":true,"href":"https:\/\/migracao.redenoticia.com.br\/noticia\/wp-json\/wp\/v2\/media\/82119"}],"wp:attachment":[{"href":"https:\/\/migracao.redenoticia.com.br\/noticia\/wp-json\/wp\/v2\/media?parent=86067"}],"wp:term":[{"taxonomy":"category","embeddable":true,"href":"https:\/\/migracao.redenoticia.com.br\/noticia\/wp-json\/wp\/v2\/categories?post=86067"},{"taxonomy":"post_tag","embeddable":true,"href":"https:\/\/migracao.redenoticia.com.br\/noticia\/wp-json\/wp\/v2\/tags?post=86067"}],"curies":[{"name":"wp","href":"https:\/\/api.w.org\/{rel}","templated":true}]}}