{"id":86087,"date":"2016-05-11T22:35:48","date_gmt":"2016-05-12T01:35:48","guid":{"rendered":"http:\/\/www.redenoticia.com.br\/noticia\/?p=86087"},"modified":"2016-05-11T22:35:48","modified_gmt":"2016-05-12T01:35:48","slug":"novela-totalmente-demais-resumo-1205-carol-se-enconta-por-gabriel","status":"publish","type":"post","link":"https:\/\/migracao.redenoticia.com.br\/noticia\/2016\/novela-totalmente-demais-resumo-1205-carol-se-enconta-por-gabriel\/86087","title":{"rendered":"Novela \u201cTotalmente Demais\u201d resumo 12\/05: Carol se enconta por Gabriel"},"content":{"rendered":"<p> <strong><em><img loading=\"lazy\" decoding=\"async\" class=\"alignleft size-thumbnail wp-image-76581\" src=\"https:\/\/migracao.redenoticia.com.br\/noticia\/imagens\/totalmente_demais_novela_resumo_globo-150x112.jpg\" alt=\"totalmente_demais_novela_resumo_globo\" width=\"150\" height=\"112\" srcset=\"https:\/\/migracao.redenoticia.com.br\/noticia\/imagens\/totalmente_demais_novela_resumo_globo-150x112.jpg 150w, https:\/\/migracao.redenoticia.com.br\/noticia\/imagens\/totalmente_demais_novela_resumo_globo-265x198.jpg 265w\" sizes=\"auto, (max-width: 150px) 100vw, 150px\" \/>Novela \u201cTotalmente Demais\u201d resumo 12\/05<\/em><\/strong>: Carolina vai com Pietro visitar um orfanato. Ao chegar l\u00e1, ela leva uma bolada de um garoto e fica encantada por ele. Os dois trocam algumas palavras e Carol fica completamente sensibilizada quando Gabriel se despede com um abra\u00e7o. Ao ver a cena, a assistente social elogia o pequeno. Depois Carolina leva Gabriel para passear e comenta com Dorinha sobre a mudan\u00e7a que a crian\u00e7a vai promover em sua vida.<\/p>\n<p>No capitulo 160 (*), novela \u201cTotalmente Demais\u201d, quinta-feira, 12 de maio \u2013 Carolina leva Gabriel para passear e comenta com Dorinha sobre a mudan\u00e7a que a crian\u00e7a promover\u00e1 em sua vida. <\/p>\n<p>Uma assistente social repreende Claudia por n\u00e3o contar a verdade a Carolina sobre Gabriel. Orientado por Cassandra, Hugo faz Suely confessar que s\u00f3 est\u00e1 interessada em seu dinheiro, e D\u00e9bora ouve. <\/p>\n<p>Carolina sai para jantar com Gabriel e Pietro. Germano escuta Euz\u00e9bia dizer a Lili que acredita que ela esteja gr\u00e1vida.<\/p>\n<p>(*) edi\u00e7\u00e3o da Rede Globo, Novela \u201cTotalmente Demais\u201d, sujeito a altera\u00e7\u00e3o de data e conte\u00fado.<\/p>\n","protected":false},"excerpt":{"rendered":"<p>Novela \u201cTotalmente Demais\u201d resumo 12\/05: Carolina vai com Pietro visitar um orfanato. Ao chegar l\u00e1, ela leva uma bolada de um garoto e fica encantada por ele. Os dois trocam algumas palavras e Carol fica completamente sensibilizada quando Gabriel se despede com um abra\u00e7o. Ao ver a cena, a assistente social elogia o pequeno. Depois [&hellip;]<\/p>\n","protected":false},"author":2,"featured_media":76581,"comment_status":"open","ping_status":"closed","sticky":false,"template":"","format":"standard","meta":{"tdm_status":"","tdm_grid_status":"","footnotes":""},"categories":[379,375,343],"tags":[441],"class_list":{"0":"post-86087","1":"post","2":"type-post","3":"status-publish","4":"format-standard","5":"has-post-thumbnail","7":"category-novelas","8":"category-rede-globo","9":"category-televisao","10":"tag-resumo-do-dia"},"_links":{"self":[{"href":"https:\/\/migracao.redenoticia.com.br\/noticia\/wp-json\/wp\/v2\/posts\/86087","targetHints":{"allow":["GET"]}}],"collection":[{"href":"https:\/\/migracao.redenoticia.com.br\/noticia\/wp-json\/wp\/v2\/posts"}],"about":[{"href":"https:\/\/migracao.redenoticia.com.br\/noticia\/wp-json\/wp\/v2\/types\/post"}],"author":[{"embeddable":true,"href":"https:\/\/migracao.redenoticia.com.br\/noticia\/wp-json\/wp\/v2\/users\/2"}],"replies":[{"embeddable":true,"href":"https:\/\/migracao.redenoticia.com.br\/noticia\/wp-json\/wp\/v2\/comments?post=86087"}],"version-history":[{"count":0,"href":"https:\/\/migracao.redenoticia.com.br\/noticia\/wp-json\/wp\/v2\/posts\/86087\/revisions"}],"wp:featuredmedia":[{"embeddable":true,"href":"https:\/\/migracao.redenoticia.com.br\/noticia\/wp-json\/wp\/v2\/media\/76581"}],"wp:attachment":[{"href":"https:\/\/migracao.redenoticia.com.br\/noticia\/wp-json\/wp\/v2\/media?parent=86087"}],"wp:term":[{"taxonomy":"category","embeddable":true,"href":"https:\/\/migracao.redenoticia.com.br\/noticia\/wp-json\/wp\/v2\/categories?post=86087"},{"taxonomy":"post_tag","embeddable":true,"href":"https:\/\/migracao.redenoticia.com.br\/noticia\/wp-json\/wp\/v2\/tags?post=86087"}],"curies":[{"name":"wp","href":"https:\/\/api.w.org\/{rel}","templated":true}]}}