{"id":86089,"date":"2016-05-11T22:37:42","date_gmt":"2016-05-12T01:37:42","guid":{"rendered":"http:\/\/www.redenoticia.com.br\/noticia\/?p=86089"},"modified":"2016-05-11T22:37:42","modified_gmt":"2016-05-12T01:37:42","slug":"novela-velho-chico-resumo-1205-afranio-manda-tereza-destruir-a-cooperativa","status":"publish","type":"post","link":"https:\/\/migracao.redenoticia.com.br\/noticia\/2016\/novela-velho-chico-resumo-1205-afranio-manda-tereza-destruir-a-cooperativa\/86089","title":{"rendered":"Novela \u201cVelho Chico\u201d resumo 12\/05: Afr\u00e2nio manda Tereza destruir a cooperativa"},"content":{"rendered":"<p> <img loading=\"lazy\" decoding=\"async\" class=\"alignleft size-thumbnail wp-image-82169\" src=\"https:\/\/migracao.redenoticia.com.br\/noticia\/imagens\/velho_chico_novela_resumo_globo-150x112.jpg\" alt=\"velho_chico_novela_resumo_globo\" width=\"150\" height=\"112\" srcset=\"https:\/\/migracao.redenoticia.com.br\/noticia\/imagens\/velho_chico_novela_resumo_globo-150x112.jpg 150w, https:\/\/migracao.redenoticia.com.br\/noticia\/imagens\/velho_chico_novela_resumo_globo-265x198.jpg 265w\" sizes=\"auto, (max-width: 150px) 100vw, 150px\" \/><strong><em>Novela \u201cVelho Chico\u201d resumo 12\/05<\/em><\/strong>: Santo volta a ser presidente da cooperativa, o que desagrada o coronel Afr\u00e2nio. Os dois se encontram por acaso no bar de Chico Criatura. O coronel faz um discurso provocando Santo e este o chama de bandido. C\u00edcero pega sua faca para sangrar o rival at\u00e9 a morte, mas seu \u00edmpeto \u00e9 contido a tempo de evitar uma trag\u00e9dia. O Saru\u00ea segura o jagun\u00e7o porque o crime faria de Santo um her\u00f3i. De volta a sua fazenda, Afr\u00e2nio manda Tereza destruir a cooperativa e esta lhe afirma que n\u00e3o vai fazer isto. Mais tarde, Afr\u00e2nio recebe seu advogado para tentar de qualquer maneira acabar com Santo e a cooperativa.<\/p>\n<p>No capitulo 052 (*), novela \u201cVelho Chico\u201d, quinta-feira, 12 de maio \u2013 Miguel questiona C\u00edcero sobre Santo. Afr\u00e2nio faz um discurso provocando Santo. Piedade conhece Miguel e comenta com Luzia. <\/p>\n<p>Santo e Afr\u00e2nio trocam ofensas no bar de Chico Criatura e C\u00edcero sai em defesa do coronel. Santo acredita que Tereza voltou para ajudar o pai a se aproveitar do povo. Tereza afirma a Afr\u00e2nio que n\u00e3o destruir\u00e1 a cooperativa. Afr\u00e2nio se vangloria de seus atos como coronel. <\/p>\n<p>Bento acredita que Miguel n\u00e3o seja diferente do av\u00f4. Afr\u00e2nio recebe seu advogado Levi. Santo e Tereza se esbarram na estrada.<\/p>\n<p>(*) edi\u00e7\u00e3o da Rede Globo, Novela \u201cVelho Chico\u201d, sujeito a altera\u00e7\u00e3o de data e conte\u00fado.<\/p>\n","protected":false},"excerpt":{"rendered":"<p>Novela \u201cVelho Chico\u201d resumo 12\/05: Santo volta a ser presidente da cooperativa, o que desagrada o coronel Afr\u00e2nio. Os dois se encontram por acaso no bar de Chico Criatura. O coronel faz um discurso provocando Santo e este o chama de bandido. C\u00edcero pega sua faca para sangrar o rival at\u00e9 a morte, mas seu [&hellip;]<\/p>\n","protected":false},"author":2,"featured_media":82169,"comment_status":"open","ping_status":"closed","sticky":false,"template":"","format":"standard","meta":{"tdm_status":"","tdm_grid_status":"","footnotes":""},"categories":[379,375,343],"tags":[441],"class_list":{"0":"post-86089","1":"post","2":"type-post","3":"status-publish","4":"format-standard","5":"has-post-thumbnail","7":"category-novelas","8":"category-rede-globo","9":"category-televisao","10":"tag-resumo-do-dia"},"_links":{"self":[{"href":"https:\/\/migracao.redenoticia.com.br\/noticia\/wp-json\/wp\/v2\/posts\/86089","targetHints":{"allow":["GET"]}}],"collection":[{"href":"https:\/\/migracao.redenoticia.com.br\/noticia\/wp-json\/wp\/v2\/posts"}],"about":[{"href":"https:\/\/migracao.redenoticia.com.br\/noticia\/wp-json\/wp\/v2\/types\/post"}],"author":[{"embeddable":true,"href":"https:\/\/migracao.redenoticia.com.br\/noticia\/wp-json\/wp\/v2\/users\/2"}],"replies":[{"embeddable":true,"href":"https:\/\/migracao.redenoticia.com.br\/noticia\/wp-json\/wp\/v2\/comments?post=86089"}],"version-history":[{"count":0,"href":"https:\/\/migracao.redenoticia.com.br\/noticia\/wp-json\/wp\/v2\/posts\/86089\/revisions"}],"wp:featuredmedia":[{"embeddable":true,"href":"https:\/\/migracao.redenoticia.com.br\/noticia\/wp-json\/wp\/v2\/media\/82169"}],"wp:attachment":[{"href":"https:\/\/migracao.redenoticia.com.br\/noticia\/wp-json\/wp\/v2\/media?parent=86089"}],"wp:term":[{"taxonomy":"category","embeddable":true,"href":"https:\/\/migracao.redenoticia.com.br\/noticia\/wp-json\/wp\/v2\/categories?post=86089"},{"taxonomy":"post_tag","embeddable":true,"href":"https:\/\/migracao.redenoticia.com.br\/noticia\/wp-json\/wp\/v2\/tags?post=86089"}],"curies":[{"name":"wp","href":"https:\/\/api.w.org\/{rel}","templated":true}]}}