{"id":86102,"date":"2016-05-13T10:03:24","date_gmt":"2016-05-13T13:03:24","guid":{"rendered":"http:\/\/www.redenoticia.com.br\/noticia\/?p=86102"},"modified":"2016-05-13T00:04:09","modified_gmt":"2016-05-13T03:04:09","slug":"programa-de-saude-ocular-em-sp","status":"publish","type":"post","link":"https:\/\/migracao.redenoticia.com.br\/noticia\/2016\/programa-de-saude-ocular-em-sp\/86102","title":{"rendered":"Programa de sa\u00fade ocular em SP"},"content":{"rendered":"<p> S\u00e3o Paulo conta com programa de <em><strong>oftalmologia<\/strong><\/em>\u00a0na rede p\u00fablica do estado, o &#8220;Vale a pena ver&#8221;. Com investimento anual de R$ 12,6 milh\u00f5es (anunciado em novembro de 2015), o projeto prev\u00ea a entrega gratuita de lentes monofocais para pacientes com mais de 60 anos de idade que passaram por cirurgia de catarata em servi\u00e7os do SUS (Sistema \u00danico de Sa\u00fade).<\/p>\n<p>&#8220;Normalmente o paciente \u00e9 operado, tira o cristalino que est\u00e1 opaco, coloca uma lente e depois pode precisar de um \u00f3culos, geralmente para ler de perto. E \u00e0s vezes o paciente n\u00e3o tem condi\u00e7\u00f5es. Ent\u00e3o, al\u00e9m da cirurgia, daremos os \u00f3culos. Estamos come\u00e7ando pela cidade de S\u00e3o Paulo, depois Regi\u00e3o Metropolitana e finalmente interior do estado&#8221;, explicou o governador Geraldo Alckmin.<\/p>\n<p>Na primeira fase ser\u00e3o distribu\u00eddos cerca de 10.000 \u00f3culos para pacientes submetidos a cirurgia de catarata nos servi\u00e7os da Secretaria de Sa\u00fade localizados na capital e Regi\u00e3o Metropolitana da Grande S\u00e3o Paulo.<\/p>\n<p>As unidades integrantes do projeto nesta primeira etapa s\u00e3o o Hospital das Cl\u00ednicas da Faculdade de Medicina da USP, Ambulat\u00f3rio de Especialidades V\u00e1rzea do Carmo, Hospital Geral de Taipas, Hospital de Transplantes do Estado e AMEs (Ambulat\u00f3rios M\u00e9dicos de Especialidades) Maria Z\u00e9lia e Heli\u00f3polis na capital paulista.<\/p>\n<p>Tamb\u00e9m participam do projeto, na Grande S\u00e3o Paulo, os hospitais estaduais de Itapecerica da Serra, Cotia, Carapicu\u00edba e Santo Andr\u00e9, al\u00e9m do Hospital Padre Bento (Guarulhos), Hospital Geral de Pirajussara (Tabo\u00e3o da Serra) e os AMEs Santo Andr\u00e9 e Mau\u00e1. A proposta \u00e9 expandir gradativamente a iniciativa para todas as demais regi\u00f5es do estado.<\/p>\n<p>Como vai funcionar?<br \/>\nAp\u00f3s passar pela cirurgia de catarata, os pacientes idosos que tiverem a prescri\u00e7\u00e3o m\u00e9dica de \u00f3culos poder\u00e3o escolher, na pr\u00f3pria unidade de sa\u00fade ou local a ser indicado, a arma\u00e7\u00e3o de sua prefer\u00eancia, entre 30 op\u00e7\u00f5es dispon\u00edveis.<\/p>\n<p>O pedido ser\u00e1 encaminhado \u00e0 pasta e, assim que os \u00f3culos estiverem prontos, ser\u00e3o enviados, via Correio, para a casa do paciente.<\/p>\n<p>Do Portal do Governo do Estado SP<\/p>\n","protected":false},"excerpt":{"rendered":"<p>S\u00e3o Paulo conta com programa de oftalmologia\u00a0na rede p\u00fablica do estado, o &#8220;Vale a pena ver&#8221;. Com investimento anual de R$ 12,6 milh\u00f5es (anunciado em novembro de 2015), o projeto prev\u00ea a entrega gratuita de lentes monofocais para pacientes com mais de 60 anos de idade que passaram por cirurgia de catarata em servi\u00e7os do [&hellip;]<\/p>\n","protected":false},"author":2,"featured_media":37376,"comment_status":"open","ping_status":"closed","sticky":false,"template":"","format":"standard","meta":{"tdm_status":"","tdm_grid_status":"","footnotes":""},"categories":[22,5],"tags":[],"class_list":{"0":"post-86102","1":"post","2":"type-post","3":"status-publish","4":"format-standard","5":"has-post-thumbnail","7":"category-brasil","8":"category-saude-e-vida"},"_links":{"self":[{"href":"https:\/\/migracao.redenoticia.com.br\/noticia\/wp-json\/wp\/v2\/posts\/86102","targetHints":{"allow":["GET"]}}],"collection":[{"href":"https:\/\/migracao.redenoticia.com.br\/noticia\/wp-json\/wp\/v2\/posts"}],"about":[{"href":"https:\/\/migracao.redenoticia.com.br\/noticia\/wp-json\/wp\/v2\/types\/post"}],"author":[{"embeddable":true,"href":"https:\/\/migracao.redenoticia.com.br\/noticia\/wp-json\/wp\/v2\/users\/2"}],"replies":[{"embeddable":true,"href":"https:\/\/migracao.redenoticia.com.br\/noticia\/wp-json\/wp\/v2\/comments?post=86102"}],"version-history":[{"count":0,"href":"https:\/\/migracao.redenoticia.com.br\/noticia\/wp-json\/wp\/v2\/posts\/86102\/revisions"}],"wp:featuredmedia":[{"embeddable":true,"href":"https:\/\/migracao.redenoticia.com.br\/noticia\/wp-json\/wp\/v2\/media\/37376"}],"wp:attachment":[{"href":"https:\/\/migracao.redenoticia.com.br\/noticia\/wp-json\/wp\/v2\/media?parent=86102"}],"wp:term":[{"taxonomy":"category","embeddable":true,"href":"https:\/\/migracao.redenoticia.com.br\/noticia\/wp-json\/wp\/v2\/categories?post=86102"},{"taxonomy":"post_tag","embeddable":true,"href":"https:\/\/migracao.redenoticia.com.br\/noticia\/wp-json\/wp\/v2\/tags?post=86102"}],"curies":[{"name":"wp","href":"https:\/\/api.w.org\/{rel}","templated":true}]}}