{"id":86107,"date":"2016-05-12T10:25:41","date_gmt":"2016-05-12T13:25:41","guid":{"rendered":"http:\/\/www.redenoticia.com.br\/noticia\/?p=86107"},"modified":"2016-05-11T23:27:44","modified_gmt":"2016-05-12T02:27:44","slug":"uff-tera-primeiro-curso-de-gestao-do-esporte-do-brasil","status":"publish","type":"post","link":"https:\/\/migracao.redenoticia.com.br\/noticia\/2016\/uff-tera-primeiro-curso-de-gestao-do-esporte-do-brasil\/86107","title":{"rendered":"UFF ter\u00e1 primeiro curso de gest\u00e3o do esporte do Brasil"},"content":{"rendered":"<p> A Universidade Federal Fluminense (UFF), em Niter\u00f3i, regi\u00e3o metropolitana do Rio de Janeiro, lan\u00e7ou o curso de gradua\u00e7\u00e3o e mestrado profissional em <strong><em>gest\u00e3o do esporte<\/em><\/strong>. A primeira turma de gradua\u00e7\u00e3o ter\u00e1 in\u00edcio no primeiro semestre de 2017, com sele\u00e7\u00e3o pelo Exame Nacional do Ensino M\u00e9dio (Enem).<\/p>\n<p>O curso ser\u00e1 multidisciplinar e pretende aproximar a forma\u00e7\u00e3o do profissional brasileiro ao que \u00e9 feito de melhor no mundo. Entre as \u00e1reas de estudo inclu\u00eddas do curso est\u00e3o economia, mercado, finan\u00e7as, gerenciamento de instala\u00e7\u00f5es esportivas, marketing, direito, organiza\u00e7\u00e3o de eventos, administra\u00e7\u00e3o, pesquisa operacional e pr\u00e1ticas modernas de gerenciamento e controle do esporte.<\/p>\n<p>Vinte professores ser\u00e3o contratados para ministrar as aulas. Tamb\u00e9m haver\u00e1 m\u00f3dulos espec\u00edficos com professores estrangeiros convidados.<\/p>\n<p>Akemi Nitahara &#8211; Rep\u00f3rter da Ag\u00eancia Brasil<br \/>\nEdi\u00e7\u00e3o: Luana Louren\u00e7o<br \/>\n12\/05\/2016<br \/>\n&#8212;<br \/>\nA Empresa Brasil de Comunica\u00e7\u00e3o \u00e9 uma institui\u00e7\u00e3o da democracia brasileira: p\u00fablica, inclusiva e cidad\u00e3. Criada em 2007 para fortalecer o sistema p\u00fablico de comunica\u00e7\u00e3o, \u00e9 gestora dos canais TV Brasil, TV Brasil Internacional, Ag\u00eancia Brasil, Radioag\u00eancia Nacional e do sistema p\u00fablico de R\u00e1dio \u2013 composto por oito emissoras. Estes, por sua independ\u00eancia editorial, distinguem-se dos canais estatais ou governamentais, com conte\u00fados diferenciados e complementares aos canais privados. Os ve\u00edculos da EBC t\u00eam autonomia para definir produ\u00e7\u00e3o, programa\u00e7\u00e3o e distribui\u00e7\u00e3o de conte\u00fados.<\/p>\n","protected":false},"excerpt":{"rendered":"<p>A Universidade Federal Fluminense (UFF), em Niter\u00f3i, regi\u00e3o metropolitana do Rio de Janeiro, lan\u00e7ou o curso de gradua\u00e7\u00e3o e mestrado profissional em gest\u00e3o do esporte. A primeira turma de gradua\u00e7\u00e3o ter\u00e1 in\u00edcio no primeiro semestre de 2017, com sele\u00e7\u00e3o pelo Exame Nacional do Ensino M\u00e9dio (Enem). O curso ser\u00e1 multidisciplinar e pretende aproximar a forma\u00e7\u00e3o [&hellip;]<\/p>\n","protected":false},"author":2,"featured_media":34858,"comment_status":"open","ping_status":"closed","sticky":false,"template":"","format":"standard","meta":{"tdm_status":"","tdm_grid_status":"","footnotes":""},"categories":[22,370,295],"tags":[],"class_list":{"0":"post-86107","1":"post","2":"type-post","3":"status-publish","4":"format-standard","5":"has-post-thumbnail","7":"category-brasil","8":"category-inscricao","9":"category-vestibular"},"_links":{"self":[{"href":"https:\/\/migracao.redenoticia.com.br\/noticia\/wp-json\/wp\/v2\/posts\/86107","targetHints":{"allow":["GET"]}}],"collection":[{"href":"https:\/\/migracao.redenoticia.com.br\/noticia\/wp-json\/wp\/v2\/posts"}],"about":[{"href":"https:\/\/migracao.redenoticia.com.br\/noticia\/wp-json\/wp\/v2\/types\/post"}],"author":[{"embeddable":true,"href":"https:\/\/migracao.redenoticia.com.br\/noticia\/wp-json\/wp\/v2\/users\/2"}],"replies":[{"embeddable":true,"href":"https:\/\/migracao.redenoticia.com.br\/noticia\/wp-json\/wp\/v2\/comments?post=86107"}],"version-history":[{"count":0,"href":"https:\/\/migracao.redenoticia.com.br\/noticia\/wp-json\/wp\/v2\/posts\/86107\/revisions"}],"wp:featuredmedia":[{"embeddable":true,"href":"https:\/\/migracao.redenoticia.com.br\/noticia\/wp-json\/wp\/v2\/media\/34858"}],"wp:attachment":[{"href":"https:\/\/migracao.redenoticia.com.br\/noticia\/wp-json\/wp\/v2\/media?parent=86107"}],"wp:term":[{"taxonomy":"category","embeddable":true,"href":"https:\/\/migracao.redenoticia.com.br\/noticia\/wp-json\/wp\/v2\/categories?post=86107"},{"taxonomy":"post_tag","embeddable":true,"href":"https:\/\/migracao.redenoticia.com.br\/noticia\/wp-json\/wp\/v2\/tags?post=86107"}],"curies":[{"name":"wp","href":"https:\/\/api.w.org\/{rel}","templated":true}]}}