{"id":86157,"date":"2016-05-12T18:10:43","date_gmt":"2016-05-12T21:10:43","guid":{"rendered":"http:\/\/www.redenoticia.com.br\/noticia\/?p=86157"},"modified":"2016-05-12T18:10:43","modified_gmt":"2016-05-12T21:10:43","slug":"novela-meu-coracao-e-teu-resumo-1305-diego-investiga-soledade","status":"publish","type":"post","link":"https:\/\/migracao.redenoticia.com.br\/noticia\/2016\/novela-meu-coracao-e-teu-resumo-1305-diego-investiga-soledade\/86157","title":{"rendered":"Novela \u201cMeu Cora\u00e7\u00e3o \u00e9 Teu\u201d resumo 13\/05: Diego investiga Soledade"},"content":{"rendered":"<p> <img loading=\"lazy\" decoding=\"async\" src=\"https:\/\/migracao.redenoticia.com.br\/noticia\/imagens\/meu_coracao_e_teu_novela_resumo_sbt-150x112.jpg\" alt=\"meu_coracao_e_teu_novela_resumo_sbt\" width=\"150\" height=\"112\" class=\"alignleft size-thumbnail wp-image-82119\" srcset=\"https:\/\/migracao.redenoticia.com.br\/noticia\/imagens\/meu_coracao_e_teu_novela_resumo_sbt-150x112.jpg 150w, https:\/\/migracao.redenoticia.com.br\/noticia\/imagens\/meu_coracao_e_teu_novela_resumo_sbt-265x198.jpg 265w\" sizes=\"auto, (max-width: 150px) 100vw, 150px\" \/><strong><em>Novela \u201cMeu Cora\u00e7\u00e3o \u00e9 Teu\u201d resumo 13\/05<\/em><\/strong>: Diego encontra a nota fiscal de compra do viol\u00e3o de Ana, em nome de Herm\u00ednio Valdez. Ele resolve procur\u00e1-lo e s\u00f3 consegue falar com a esposa de Herm\u00ednio, pois este j\u00e1 \u00e9 falecido.  Ela conta que seu esposo, em uma ocasi\u00e3o, presenteou com um viol\u00e3o uma mulher pobre, que ganhava a vida cantando em caminh\u00f5es, ela \u00e0 \u00e9poca estava gr\u00e1vida, e seu nome era Soledade.<\/p>\n<p>No cap\u00edtulo 055 (*), novela \u201cMeu Cora\u00e7\u00e3o \u00e9 Teu\u201d, sexta-feira, 13 de maio \u2013 Ana prepara um ch\u00e1 para Fernando dormir, e vai se deitar, por\u00e9m antes ela coloca \u201ctravas\u201d em sua porta, para que ele n\u00e3o o invada novamente, mesmo dormindo, por\u00e9m ainda assim Fernando chega ao quarto de Ana, e ela o acorda com um balde de \u00e1gua fria. Henrique segue paquerando Laura. <\/p>\n<p>Mauricio contrai varicela e precisa ficar de repouso em casa. Jennifer prepara um tipo de comida que Nicolas n\u00e3o pode comer por quest\u00f5es de sa\u00fade, ela o diz que n\u00e3o sabe fazer outra coisa. Ana e Fernando levam os g\u00eameos a psic\u00f3loga, ela recomenda que eles tenham sess\u00f5es de terapia para melhorar a aten\u00e7\u00e3o, e que cuidem de sua alimenta\u00e7\u00e3o. <\/p>\n<p>Diego fala com a esposa de Herm\u00ednio, j\u00e1 que ele j\u00e1 \u00e9 falecido, ela se lembra que seu esposo, em uma ocasi\u00e3o, presenteou com um viol\u00e3o uma mulher pobre, que ganhava a vida cantando em caminh\u00f5es, ela \u00e0 \u00e9poca estava gr\u00e1vida, e seu nome era Soledade.  <\/p>\n<p>(*) edi\u00e7\u00e3o do SBT, Novela \u201cMeu Cora\u00e7\u00e3o \u00e9 Teu\u201d, sujeito a altera\u00e7\u00e3o de data e conte\u00fado.<\/p>\n","protected":false},"excerpt":{"rendered":"<p>Novela \u201cMeu Cora\u00e7\u00e3o \u00e9 Teu\u201d resumo 13\/05: Diego encontra a nota fiscal de compra do viol\u00e3o de Ana, em nome de Herm\u00ednio Valdez. Ele resolve procur\u00e1-lo e s\u00f3 consegue falar com a esposa de Herm\u00ednio, pois este j\u00e1 \u00e9 falecido. Ela conta que seu esposo, em uma ocasi\u00e3o, presenteou com um viol\u00e3o uma mulher pobre, [&hellip;]<\/p>\n","protected":false},"author":2,"featured_media":82119,"comment_status":"open","ping_status":"closed","sticky":false,"template":"","format":"standard","meta":{"tdm_status":"","tdm_grid_status":"","footnotes":""},"categories":[379,372,343],"tags":[441],"class_list":{"0":"post-86157","1":"post","2":"type-post","3":"status-publish","4":"format-standard","5":"has-post-thumbnail","7":"category-novelas","8":"category-sbt","9":"category-televisao","10":"tag-resumo-do-dia"},"_links":{"self":[{"href":"https:\/\/migracao.redenoticia.com.br\/noticia\/wp-json\/wp\/v2\/posts\/86157","targetHints":{"allow":["GET"]}}],"collection":[{"href":"https:\/\/migracao.redenoticia.com.br\/noticia\/wp-json\/wp\/v2\/posts"}],"about":[{"href":"https:\/\/migracao.redenoticia.com.br\/noticia\/wp-json\/wp\/v2\/types\/post"}],"author":[{"embeddable":true,"href":"https:\/\/migracao.redenoticia.com.br\/noticia\/wp-json\/wp\/v2\/users\/2"}],"replies":[{"embeddable":true,"href":"https:\/\/migracao.redenoticia.com.br\/noticia\/wp-json\/wp\/v2\/comments?post=86157"}],"version-history":[{"count":0,"href":"https:\/\/migracao.redenoticia.com.br\/noticia\/wp-json\/wp\/v2\/posts\/86157\/revisions"}],"wp:featuredmedia":[{"embeddable":true,"href":"https:\/\/migracao.redenoticia.com.br\/noticia\/wp-json\/wp\/v2\/media\/82119"}],"wp:attachment":[{"href":"https:\/\/migracao.redenoticia.com.br\/noticia\/wp-json\/wp\/v2\/media?parent=86157"}],"wp:term":[{"taxonomy":"category","embeddable":true,"href":"https:\/\/migracao.redenoticia.com.br\/noticia\/wp-json\/wp\/v2\/categories?post=86157"},{"taxonomy":"post_tag","embeddable":true,"href":"https:\/\/migracao.redenoticia.com.br\/noticia\/wp-json\/wp\/v2\/tags?post=86157"}],"curies":[{"name":"wp","href":"https:\/\/api.w.org\/{rel}","templated":true}]}}