{"id":86159,"date":"2016-05-12T18:13:58","date_gmt":"2016-05-12T21:13:58","guid":{"rendered":"http:\/\/www.redenoticia.com.br\/noticia\/?p=86159"},"modified":"2016-05-12T18:13:58","modified_gmt":"2016-05-12T21:13:58","slug":"novela-cumplices-de-um-resgate-resumo-1305-joaquim-pressiona-regina","status":"publish","type":"post","link":"https:\/\/migracao.redenoticia.com.br\/noticia\/2016\/novela-cumplices-de-um-resgate-resumo-1305-joaquim-pressiona-regina\/86159","title":{"rendered":"Novela \u201cC\u00famplices de um Resgate\u201d resumo 13\/05: Joaquim pressiona Regina"},"content":{"rendered":"<p> <img loading=\"lazy\" decoding=\"async\" src=\"https:\/\/migracao.redenoticia.com.br\/noticia\/imagens\/cumplices_de_um_resgate_sbt_novela_resumo-150x112.jpg\" alt=\"cumplices_de_um_resgate_sbt_novela_resumo\" width=\"150\" height=\"112\" class=\"alignleft size-thumbnail wp-image-71351\" srcset=\"https:\/\/migracao.redenoticia.com.br\/noticia\/imagens\/cumplices_de_um_resgate_sbt_novela_resumo-150x112.jpg 150w, https:\/\/migracao.redenoticia.com.br\/noticia\/imagens\/cumplices_de_um_resgate_sbt_novela_resumo-265x198.jpg 265w\" sizes=\"auto, (max-width: 150px) 100vw, 150px\" \/><strong><em>Novela \u201cC\u00famplices de um Resgate\u201d resumo 13\/05<\/em><\/strong>: Joaquim grava a confiss\u00e3o de Regina dizendo que riscou o pr\u00f3prio carro para acusar o garoto. Mais tarde, ele mostra para ela a grava\u00e7\u00e3o que fez. Joaquim  deixa claro que a condi\u00e7\u00e3o para que ningu\u00e9m tenha acesso ao \u00e1udio, \u00e9 ver Isabela quantas vezes quiser, al\u00e9m de n\u00e3o ter que pagar a arruma\u00e7\u00e3o do carro. Regina grita de \u00f3dio.<\/p>\n<p>No cap\u00edtulo 205(*), novela \u201cC\u00famplice de um Resgate\u201d, sexta-feira, 13 de maio \u2013 Geraldo arma um plano para acusar Vicente de um crime cometido por ele. Rebeca traz lembrancinhas (presentes) da viagem que fez com Ot\u00e1vio. Manuela, que na verdade \u00e9 Isabela, n\u00e3o gosta da camiseta que ganhou e diz que \u00e9 muito brega. <\/p>\n<p>Frederico vai at\u00e9 a sapataria de Giuseppe fazer uma proposta pelo sapato Fiorina, criado por ele. Omar convida as crian\u00e7as da escola para a festa que ele dar\u00e1 em seu haras. Joaquim mostra para Regina a grava\u00e7\u00e3o que fez dela. <\/p>\n<p>Marina vai disfar\u00e7ada de domestica para a mans\u00e3o de Regina para poder ver Of\u00e9lio. Joaquim diz que a condi\u00e7\u00e3o para que ningu\u00e9m tenha acesso ao \u00e1udio, ser\u00e1 ver Isabela quantas vezes quiser, al\u00e9m de n\u00e3o ter que pagar a arruma\u00e7\u00e3o do carro. Regina grita de \u00f3dio.<\/p>\n<p>(*) edi\u00e7\u00e3o do SBT, Novela \u201cC\u00famplices de um Resgate\u201d, sujeito a altera\u00e7\u00e3o de data e conte\u00fado.<\/p>\n","protected":false},"excerpt":{"rendered":"<p>Novela \u201cC\u00famplices de um Resgate\u201d resumo 13\/05: Joaquim grava a confiss\u00e3o de Regina dizendo que riscou o pr\u00f3prio carro para acusar o garoto. Mais tarde, ele mostra para ela a grava\u00e7\u00e3o que fez. Joaquim deixa claro que a condi\u00e7\u00e3o para que ningu\u00e9m tenha acesso ao \u00e1udio, \u00e9 ver Isabela quantas vezes quiser, al\u00e9m de n\u00e3o [&hellip;]<\/p>\n","protected":false},"author":2,"featured_media":71351,"comment_status":"open","ping_status":"closed","sticky":false,"template":"","format":"standard","meta":{"tdm_status":"","tdm_grid_status":"","footnotes":""},"categories":[379,372,343],"tags":[441],"class_list":{"0":"post-86159","1":"post","2":"type-post","3":"status-publish","4":"format-standard","5":"has-post-thumbnail","7":"category-novelas","8":"category-sbt","9":"category-televisao","10":"tag-resumo-do-dia"},"_links":{"self":[{"href":"https:\/\/migracao.redenoticia.com.br\/noticia\/wp-json\/wp\/v2\/posts\/86159","targetHints":{"allow":["GET"]}}],"collection":[{"href":"https:\/\/migracao.redenoticia.com.br\/noticia\/wp-json\/wp\/v2\/posts"}],"about":[{"href":"https:\/\/migracao.redenoticia.com.br\/noticia\/wp-json\/wp\/v2\/types\/post"}],"author":[{"embeddable":true,"href":"https:\/\/migracao.redenoticia.com.br\/noticia\/wp-json\/wp\/v2\/users\/2"}],"replies":[{"embeddable":true,"href":"https:\/\/migracao.redenoticia.com.br\/noticia\/wp-json\/wp\/v2\/comments?post=86159"}],"version-history":[{"count":0,"href":"https:\/\/migracao.redenoticia.com.br\/noticia\/wp-json\/wp\/v2\/posts\/86159\/revisions"}],"wp:featuredmedia":[{"embeddable":true,"href":"https:\/\/migracao.redenoticia.com.br\/noticia\/wp-json\/wp\/v2\/media\/71351"}],"wp:attachment":[{"href":"https:\/\/migracao.redenoticia.com.br\/noticia\/wp-json\/wp\/v2\/media?parent=86159"}],"wp:term":[{"taxonomy":"category","embeddable":true,"href":"https:\/\/migracao.redenoticia.com.br\/noticia\/wp-json\/wp\/v2\/categories?post=86159"},{"taxonomy":"post_tag","embeddable":true,"href":"https:\/\/migracao.redenoticia.com.br\/noticia\/wp-json\/wp\/v2\/tags?post=86159"}],"curies":[{"name":"wp","href":"https:\/\/api.w.org\/{rel}","templated":true}]}}