{"id":86163,"date":"2016-05-12T18:22:44","date_gmt":"2016-05-12T21:22:44","guid":{"rendered":"http:\/\/www.redenoticia.com.br\/noticia\/?p=86163"},"modified":"2016-05-12T18:22:44","modified_gmt":"2016-05-12T21:22:44","slug":"novela-sila-resumo-1305-boran-e-sila-se-encontram-na-porta-da-escola","status":"publish","type":"post","link":"https:\/\/migracao.redenoticia.com.br\/noticia\/2016\/novela-sila-resumo-1305-boran-e-sila-se-encontram-na-porta-da-escola\/86163","title":{"rendered":"Novela \u201cSila\u201d resumo 13\/05: Boran e Sila se encontram na porta da escola"},"content":{"rendered":"<p> <img loading=\"lazy\" decoding=\"async\" class=\"alignleft size-thumbnail wp-image-83098\" src=\"https:\/\/migracao.redenoticia.com.br\/noticia\/imagens\/sila_band_novela_resumo_capitulo-150x112.jpg\" alt=\"sila_band_novela_resumo_capitulo\" width=\"150\" height=\"112\" srcset=\"https:\/\/migracao.redenoticia.com.br\/noticia\/imagens\/sila_band_novela_resumo_capitulo-150x112.jpg 150w, https:\/\/migracao.redenoticia.com.br\/noticia\/imagens\/sila_band_novela_resumo_capitulo-265x198.jpg 265w\" sizes=\"auto, (max-width: 150px) 100vw, 150px\" \/><strong><em> Novela \u201cSila\u201d resumo 13\/05<\/em><\/strong>: Sila decide ter seu filho com Boran. Ela segue na sua rotina e tenta tornar a vida de sua fam\u00edlia melhor e normal. Preocupada com o futuro de Emir, Sila matricula o irm\u00e3o na escola. Boran matricula uma crian\u00e7a na mesma escola de Emir. Boran e Sila se encontram na porta da escola.<\/p>\n<p>No capitulo 040(*), novela \u201cSila\u201d, sexta-feira, 13 de maio &#8211; Sila fica abalada ap\u00f3s conversar com Abay e pede ajuda a Emre. Boran descobre que Abay se encontrou com Sila e fica furioso. Celil sofre a press\u00e3o do cl\u00e3 para cumprir a tradi\u00e7\u00e3o. <\/p>\n<p>Boran descobre que Sila est\u00e1 gr\u00e1vida. Ele liga para Sila, mas ela desliga o celular. Boran tenta impedir Dihan de seguir as ordens do cl\u00e3 e amea\u00e7a mat\u00e1-lo. Boran invade a casa de Sila e \u00e9 baleado. Azad e Emre se desentendem. Ap\u00f3s perder muito sangue, Boran desmaia e \u00e9 socorrido por Abay e Gizem. <\/p>\n<p>Sila matricula o irm\u00e3o na escola. Dihan duvida que Boran seja o pai do beb\u00ea de Sila. Boran matricula uma crian\u00e7a na mesma escola de Emir. Sila decide ter o beb\u00ea, mas ainda pensa que Boran \u00e9 infiel. Boran compra presentes para o beb\u00ea e v\u00ea fotos de Emre no quarto de Sila.<\/p>\n<p>(*) edi\u00e7\u00e3o da Band, Novela \u201cSila\u201d, sujeito a altera\u00e7\u00e3o de data e conte\u00fado.  <\/p>\n","protected":false},"excerpt":{"rendered":"<p>Novela \u201cSila\u201d resumo 13\/05: Sila decide ter seu filho com Boran. Ela segue na sua rotina e tenta tornar a vida de sua fam\u00edlia melhor e normal. Preocupada com o futuro de Emir, Sila matricula o irm\u00e3o na escola. Boran matricula uma crian\u00e7a na mesma escola de Emir. Boran e Sila se encontram na porta [&hellip;]<\/p>\n","protected":false},"author":2,"featured_media":83098,"comment_status":"open","ping_status":"closed","sticky":false,"template":"","format":"standard","meta":{"tdm_status":"","tdm_grid_status":"","footnotes":""},"categories":[390,379,343],"tags":[441],"class_list":{"0":"post-86163","1":"post","2":"type-post","3":"status-publish","4":"format-standard","5":"has-post-thumbnail","7":"category-band","8":"category-novelas","9":"category-televisao","10":"tag-resumo-do-dia"},"_links":{"self":[{"href":"https:\/\/migracao.redenoticia.com.br\/noticia\/wp-json\/wp\/v2\/posts\/86163","targetHints":{"allow":["GET"]}}],"collection":[{"href":"https:\/\/migracao.redenoticia.com.br\/noticia\/wp-json\/wp\/v2\/posts"}],"about":[{"href":"https:\/\/migracao.redenoticia.com.br\/noticia\/wp-json\/wp\/v2\/types\/post"}],"author":[{"embeddable":true,"href":"https:\/\/migracao.redenoticia.com.br\/noticia\/wp-json\/wp\/v2\/users\/2"}],"replies":[{"embeddable":true,"href":"https:\/\/migracao.redenoticia.com.br\/noticia\/wp-json\/wp\/v2\/comments?post=86163"}],"version-history":[{"count":0,"href":"https:\/\/migracao.redenoticia.com.br\/noticia\/wp-json\/wp\/v2\/posts\/86163\/revisions"}],"wp:featuredmedia":[{"embeddable":true,"href":"https:\/\/migracao.redenoticia.com.br\/noticia\/wp-json\/wp\/v2\/media\/83098"}],"wp:attachment":[{"href":"https:\/\/migracao.redenoticia.com.br\/noticia\/wp-json\/wp\/v2\/media?parent=86163"}],"wp:term":[{"taxonomy":"category","embeddable":true,"href":"https:\/\/migracao.redenoticia.com.br\/noticia\/wp-json\/wp\/v2\/categories?post=86163"},{"taxonomy":"post_tag","embeddable":true,"href":"https:\/\/migracao.redenoticia.com.br\/noticia\/wp-json\/wp\/v2\/tags?post=86163"}],"curies":[{"name":"wp","href":"https:\/\/api.w.org\/{rel}","templated":true}]}}