{"id":86171,"date":"2016-05-12T18:33:23","date_gmt":"2016-05-12T21:33:23","guid":{"rendered":"http:\/\/www.redenoticia.com.br\/noticia\/?p=86171"},"modified":"2016-05-12T18:33:23","modified_gmt":"2016-05-12T21:33:23","slug":"novela-velho-chico-resumo-1305-luzia-fica-enlouquecida-com-a-sogra","status":"publish","type":"post","link":"https:\/\/migracao.redenoticia.com.br\/noticia\/2016\/novela-velho-chico-resumo-1305-luzia-fica-enlouquecida-com-a-sogra\/86171","title":{"rendered":"Novela \u201cVelho Chico\u201d resumo 13\/05: Luzia fica enlouquecida com a sogra"},"content":{"rendered":"<p> <img loading=\"lazy\" decoding=\"async\" class=\"alignleft size-thumbnail wp-image-82169\" src=\"https:\/\/migracao.redenoticia.com.br\/noticia\/imagens\/velho_chico_novela_resumo_globo-150x112.jpg\" alt=\"velho_chico_novela_resumo_globo\" width=\"150\" height=\"112\" srcset=\"https:\/\/migracao.redenoticia.com.br\/noticia\/imagens\/velho_chico_novela_resumo_globo-150x112.jpg 150w, https:\/\/migracao.redenoticia.com.br\/noticia\/imagens\/velho_chico_novela_resumo_globo-265x198.jpg 265w\" sizes=\"auto, (max-width: 150px) 100vw, 150px\" \/><strong><em>Novela \u201cVelho Chico\u201d resumo 13\/05<\/em><\/strong>: ao conhecer Miguel, Piedade fica impressionada com o rapaz. Diante do jovem, ela tem uma boa sensa\u00e7\u00e3o e a impress\u00e3o de que ele n\u00e3o seja um Saru\u00ea leg\u00edtimo. Segundo ela, o garoto tem os olhos muito bons para ser da fam\u00edlia de Afr\u00e2nio. Sem conseguir segurar o que sentiu, ela se abre com Luzia, que fica enlouquecida com as palavras da sogra. Isso porque ela teme que todos descubram que o garoto, filho de Tereza, \u00e9 fruto do romance com seu marido. Sem pensar duas vezes, ela vai at\u00e9 o local onde enterrou as cartas que sua rival mandou h\u00e1 muitos anos para o amado e promete que Santo \u00e9 dela, que ningu\u00e9m vai saber desse filho, pois morre antes e enterra esse segredo com ela.   <\/p>\n<p>No capitulo 053 (*), novela \u201cVelho Chico\u201d, sexta-feira, 13 de maio \u2013 Tereza e Santo conversam sobre o tempo que passou. Afr\u00e2nio decide processar a cooperativa. Iolanda sai antes do almo\u00e7o e Doninha se preocupa. <\/p>\n<p>Miguel reclama do solo e de toda a planta\u00e7\u00e3o de manga. C\u00edcero comenta com Miguel como se divertia com Tereza quando eram crian\u00e7as. Levi vai \u00e0 casa de Edenilson. Afr\u00e2nio pede que Carlos conven\u00e7a Tereza a apoi\u00e1-lo. Doninha conta a hist\u00f3ria da serpente de fogo da capela para Miguel. <\/p>\n<p>Martim acorda assustado com as lam\u00farias de uma mulher do lado fora de seu quarto e Encarna\u00e7\u00e3o pressente a afli\u00e7\u00e3o do neto.<\/p>\n<p>(*) edi\u00e7\u00e3o da Rede Globo, Novela \u201cVelho Chico\u201d, sujeito a altera\u00e7\u00e3o de data e conte\u00fado.<\/p>\n","protected":false},"excerpt":{"rendered":"<p>Novela \u201cVelho Chico\u201d resumo 13\/05: ao conhecer Miguel, Piedade fica impressionada com o rapaz. Diante do jovem, ela tem uma boa sensa\u00e7\u00e3o e a impress\u00e3o de que ele n\u00e3o seja um Saru\u00ea leg\u00edtimo. Segundo ela, o garoto tem os olhos muito bons para ser da fam\u00edlia de Afr\u00e2nio. Sem conseguir segurar o que sentiu, ela [&hellip;]<\/p>\n","protected":false},"author":2,"featured_media":82169,"comment_status":"open","ping_status":"closed","sticky":false,"template":"","format":"standard","meta":{"tdm_status":"","tdm_grid_status":"","footnotes":""},"categories":[379,375,343],"tags":[441],"class_list":{"0":"post-86171","1":"post","2":"type-post","3":"status-publish","4":"format-standard","5":"has-post-thumbnail","7":"category-novelas","8":"category-rede-globo","9":"category-televisao","10":"tag-resumo-do-dia"},"_links":{"self":[{"href":"https:\/\/migracao.redenoticia.com.br\/noticia\/wp-json\/wp\/v2\/posts\/86171","targetHints":{"allow":["GET"]}}],"collection":[{"href":"https:\/\/migracao.redenoticia.com.br\/noticia\/wp-json\/wp\/v2\/posts"}],"about":[{"href":"https:\/\/migracao.redenoticia.com.br\/noticia\/wp-json\/wp\/v2\/types\/post"}],"author":[{"embeddable":true,"href":"https:\/\/migracao.redenoticia.com.br\/noticia\/wp-json\/wp\/v2\/users\/2"}],"replies":[{"embeddable":true,"href":"https:\/\/migracao.redenoticia.com.br\/noticia\/wp-json\/wp\/v2\/comments?post=86171"}],"version-history":[{"count":0,"href":"https:\/\/migracao.redenoticia.com.br\/noticia\/wp-json\/wp\/v2\/posts\/86171\/revisions"}],"wp:featuredmedia":[{"embeddable":true,"href":"https:\/\/migracao.redenoticia.com.br\/noticia\/wp-json\/wp\/v2\/media\/82169"}],"wp:attachment":[{"href":"https:\/\/migracao.redenoticia.com.br\/noticia\/wp-json\/wp\/v2\/media?parent=86171"}],"wp:term":[{"taxonomy":"category","embeddable":true,"href":"https:\/\/migracao.redenoticia.com.br\/noticia\/wp-json\/wp\/v2\/categories?post=86171"},{"taxonomy":"post_tag","embeddable":true,"href":"https:\/\/migracao.redenoticia.com.br\/noticia\/wp-json\/wp\/v2\/tags?post=86171"}],"curies":[{"name":"wp","href":"https:\/\/api.w.org\/{rel}","templated":true}]}}