{"id":86185,"date":"2016-05-16T10:28:20","date_gmt":"2016-05-16T13:28:20","guid":{"rendered":"http:\/\/www.redenoticia.com.br\/noticia\/?p=86185"},"modified":"2016-05-13T18:30:19","modified_gmt":"2016-05-13T21:30:19","slug":"zika-efeitos-da-doenca-na-gestacao-podem-ir-alem-da-microcefalia-em-bebes","status":"publish","type":"post","link":"https:\/\/migracao.redenoticia.com.br\/noticia\/2016\/zika-efeitos-da-doenca-na-gestacao-podem-ir-alem-da-microcefalia-em-bebes\/86185","title":{"rendered":"Zika: efeitos da doen\u00e7a na gesta\u00e7\u00e3o podem ir al\u00e9m da microcefalia em beb\u00eas"},"content":{"rendered":"<p> Um ano depois que o <strong><em>Zika<\/em><\/strong> come\u00e7ou a circular no pa\u00eds, as d\u00favidas sobre o v\u00edrus continuam maiores que as certezas e pesquisadores apontam que os efeitos da infec\u00e7\u00e3o durante a gesta\u00e7\u00e3o podem ir al\u00e9m da microcefalia em beb\u00eas. \u201cA crian\u00e7a pode vir com um c\u00e9rebro menor, mas a cabe\u00e7a do tamanho normal ou at\u00e9 maior por acumular muito l\u00edquido\u201d, explicou a pesquisadora Adriana Melo.<\/p>\n<p>A especialista em medicina fetal e presidenta do Instituto de Pesquisa Prof. Joaquim Amorim Neto (Ipesq), sediado em Campina Grande, Para\u00edba, foi a primeira pesquisadora a comprovar laboratorialmente que o l\u00edquido amni\u00f3tico de uma gestante que teve o filho com microcefalia estava infectado pelo v\u00edrus Zika. Em audi\u00eancia p\u00fablica na C\u00e2mara dos Deputados esta semana, Adriana exp\u00f4s alguns pontos sobre o v\u00edrus observados no instituto, criado por pesquisadores renomados e sem fins lucrativos.<\/p>\n<p>De acordo com a m\u00e9dica, a identifica\u00e7\u00e3o de crian\u00e7as afetadas ainda na gesta\u00e7\u00e3o pela infec\u00e7\u00e3o deve ir muito al\u00e9m da fita m\u00e9trica, que mede o tamanho da cabe\u00e7a. Ela explica que os especialistas j\u00e1 usam o termo S\u00edndrome Cong\u00eanita do Zika, para identificar crian\u00e7as que foram afetadas pelo v\u00edrus ainda na barriga das m\u00e3es. O Minist\u00e9rio da Sa\u00fade tamb\u00e9m j\u00e1 reconhece o termo.<\/p>\n<p>\u201cUsar s\u00f3 microcefalia d\u00e1 uma ideia \u00e0 popula\u00e7\u00e3o de que a cabe\u00e7a sempre vai ser menor do que o normal. A microcefalia \u00e9 quando o c\u00e9rebro \u00e9 menor, mas a cabe\u00e7a pode ser menor ou n\u00e3o. O termo tamb\u00e9m d\u00e1 a ideia de que esse \u00e9 o \u00fanico problema, e n\u00e3o \u00e9. Tem beb\u00eas com problemas auditivos graves, problemas visuais, convuls\u00f5es, com dificuldade de degluti\u00e7\u00e3o\u201d, detalhou a Adriana. Segundo a especialista, o ideal \u00e9 que o diagn\u00f3stico da s\u00edndrome seja feito ainda na gesta\u00e7\u00e3o, para que o parto ocorra em um hospital de refer\u00eancia, j\u00e1 que algumas das consequ\u00eancias da infec\u00e7\u00e3o pelo v\u00edrus s\u00e3o os riscos para a gestante e para o beb\u00ea na hora do nascimento.<\/p>\n<p>Apesar de o grupo de pesquisadores do Ipesq ter evid\u00eancia cl\u00ednicas sobre o comportamento do v\u00edrus Zika, falta dinheiro para as comprova\u00e7\u00f5es cient\u00edficas. \u201cEm Campina Grande o instituto tem o apoio da prefeitura, tem parceiros privados, os pesquisadores usam recursos pr\u00f3prios, a UFRJ [Universidade Federal do Rio de Janeiro] apoia, mas \u00e9 tudo na base da amizade, do improviso, n\u00e3o \u00e9 assim que deve andar uma pesquisa\u201d.<\/p>\n<p>Quase 500 gestantes que tiveram sintomas de Zika j\u00e1 foram atendidas no instituto. Destas, 30 tiveram exame laboratorial confirmando o diagn\u00f3stico e quatro tiveram beb\u00eas com S\u00edndrome Cong\u00eanita do Zika. Os pesquisadores est\u00e3o acompanhando as 30 m\u00e3es para ver o que h\u00e1 de diferente entre as que tiveram filhos com a s\u00edndrome e as que n\u00e3o tiveram.<\/p>\n<p>Ao todo, cerca de 60 crian\u00e7as com a s\u00edndrome s\u00e3o acompanhadas pelo grupo de pesquisadores. Com o acompanhamento, foi poss\u00edvel ver o impacto positivo da estimula\u00e7\u00e3o precoce nesses casos, mas, segundo Adriana, \u201cprecisamos de recursos para que exames comprovem cientificamente a melhora que estamos vendo\u201d.<\/p>\n<p>Adriana Melo ainda levanta a hip\u00f3tese de que uma pessoa que foi infectada pelo v\u00edrus possa vir a ter a reativa\u00e7\u00e3o da infec\u00e7\u00e3o algum tempo depois. \u201cAinda \u00e9 tudo na base do achismo, vimos casos isolados. A gente dizia inicialmente que era melhor ter Zika e s\u00f3 depois engravidar. Hoje, a gente n\u00e3o sabe mais, pode ser que sim, mas pode ser que voc\u00ea fique com o v\u00edrus e depois ele seja reativado\u201d, disse a pesquisadora. \u201cO nosso papel hoje n\u00e3o \u00e9 alarmar, \u00e9 alertar que certas coisas podem acontecer e que a gente tem que ficar de olho, tem que pesquisar, continuamos com mais d\u00favidas do que respostas\u201d.<\/p>\n<p>Zika<\/p>\n<p>Transmitido por um mosquito j\u00e1 bem conhecido dos brasileiros, o Aedes aegypti, o v\u00edrus Zika come\u00e7ou a circular no Brasil em 2014, mas teve os primeiros registros feitos pelo Minist\u00e9rio da Sa\u00fade em maio de 2015. O que se sabia sobre a doen\u00e7a, at\u00e9 o segundo semestre do ano passado, era que sua evolu\u00e7\u00e3o costumava ser benigna e que os sintomas, geralmente erup\u00e7\u00e3o cut\u00e2nea, fadiga, dores nas articula\u00e7\u00f5es e conjuntivite, al\u00e9m de febre baixa, eram mais leves do que os da dengue e da febre chikungunya, tamb\u00e9m transmitidas pelo mesmo mosquito.<\/p>\n<p>Por\u00e9m, em outubro de 2015, exame feito pela m\u00e9dica especialista em medicina fetal, Adriana Melo, descobriu a presen\u00e7a do v\u00edrus no l\u00edquido amni\u00f3tico de um beb\u00ea com microcefalia. Em 28 de novembro, o Minist\u00e9rio da Sa\u00fade confirmou que, quando gestantes s\u00e3o infectadas pelo v\u00edrus, podem gerar crian\u00e7as com microcefalia, uma malforma\u00e7\u00e3o irrevers\u00edvel do c\u00e9rebro que pode vir associada a danos mentais, visuais e auditivos. Pesquisadores confirmaram que a S\u00edndrome de Guillain-Barr\u00e9 tamb\u00e9m pode ser ocasionada pelo Zika.<\/p>\n<p>De acordo com o primeiro boletim da doen\u00e7a divulgado pelo Minist\u00e9rio da Sa\u00fade, em fevereiro e mar\u00e7o deste ano, foram notificados 91.387 casos prov\u00e1veis de infec\u00e7\u00e3o por zika no pa\u00eds. A chegada do v\u00edrus ao Brasil elevou o n\u00famero de nascimentos de crian\u00e7as com microcefalia de 147, em 2014, para pelo menos 1.271 casos de outubro do ano passado a 30 de abril deste ano.<\/p>\n<p>Aline Leal &#8211; Rep\u00f3rter da Ag\u00eancia Brasil<br \/>\nEdi\u00e7\u00e3o: L\u00edlian Beraldo<br \/>\n16\/05\/2016 <\/p>\n","protected":false},"excerpt":{"rendered":"<p>Um ano depois que o Zika come\u00e7ou a circular no pa\u00eds, as d\u00favidas sobre o v\u00edrus continuam maiores que as certezas e pesquisadores apontam que os efeitos da infec\u00e7\u00e3o durante a gesta\u00e7\u00e3o podem ir al\u00e9m da microcefalia em beb\u00eas. \u201cA crian\u00e7a pode vir com um c\u00e9rebro menor, mas a cabe\u00e7a do tamanho normal ou at\u00e9 [&hellip;]<\/p>\n","protected":false},"author":2,"featured_media":40847,"comment_status":"open","ping_status":"closed","sticky":false,"template":"","format":"standard","meta":{"tdm_status":"","tdm_grid_status":"","footnotes":""},"categories":[22,5],"tags":[],"class_list":{"0":"post-86185","1":"post","2":"type-post","3":"status-publish","4":"format-standard","5":"has-post-thumbnail","7":"category-brasil","8":"category-saude-e-vida"},"_links":{"self":[{"href":"https:\/\/migracao.redenoticia.com.br\/noticia\/wp-json\/wp\/v2\/posts\/86185","targetHints":{"allow":["GET"]}}],"collection":[{"href":"https:\/\/migracao.redenoticia.com.br\/noticia\/wp-json\/wp\/v2\/posts"}],"about":[{"href":"https:\/\/migracao.redenoticia.com.br\/noticia\/wp-json\/wp\/v2\/types\/post"}],"author":[{"embeddable":true,"href":"https:\/\/migracao.redenoticia.com.br\/noticia\/wp-json\/wp\/v2\/users\/2"}],"replies":[{"embeddable":true,"href":"https:\/\/migracao.redenoticia.com.br\/noticia\/wp-json\/wp\/v2\/comments?post=86185"}],"version-history":[{"count":0,"href":"https:\/\/migracao.redenoticia.com.br\/noticia\/wp-json\/wp\/v2\/posts\/86185\/revisions"}],"wp:featuredmedia":[{"embeddable":true,"href":"https:\/\/migracao.redenoticia.com.br\/noticia\/wp-json\/wp\/v2\/media\/40847"}],"wp:attachment":[{"href":"https:\/\/migracao.redenoticia.com.br\/noticia\/wp-json\/wp\/v2\/media?parent=86185"}],"wp:term":[{"taxonomy":"category","embeddable":true,"href":"https:\/\/migracao.redenoticia.com.br\/noticia\/wp-json\/wp\/v2\/categories?post=86185"},{"taxonomy":"post_tag","embeddable":true,"href":"https:\/\/migracao.redenoticia.com.br\/noticia\/wp-json\/wp\/v2\/tags?post=86185"}],"curies":[{"name":"wp","href":"https:\/\/api.w.org\/{rel}","templated":true}]}}