{"id":8620,"date":"2009-08-14T13:15:14","date_gmt":"2009-08-14T17:15:14","guid":{"rendered":"http:\/\/www.redenoticia.com.br\/noticia\/?p=8620"},"modified":"2009-08-14T13:21:48","modified_gmt":"2009-08-14T17:21:48","slug":"ji-parana-discute-acoes-contra-a-gripe-influenza-a-h1n1","status":"publish","type":"post","link":"https:\/\/migracao.redenoticia.com.br\/noticia\/2009\/ji-parana-discute-acoes-contra-a-gripe-influenza-a-h1n1\/8620","title":{"rendered":"Ji-Paran\u00e1 discute a\u00e7\u00f5es contra a gripe influenza a H1N1"},"content":{"rendered":"<p>Em entrevista coletiva na sede do Pode Executivo de Ji-Paran\u00e1, Rond\u00f4nia, o Secret\u00e1rio Municipal de Sa\u00fade, Jos\u00e9\u00a0Batista da Silva, afirmou que n\u00e3o h\u00e1\u00a0motivo para p\u00e2nico, que a popula\u00e7\u00e3o pode ficar tranq\u00fcila que a Secretaria Municipal de Sa\u00fade (Semusa), j\u00e1 tomou todas as provid\u00eancias necess\u00e1rias para atender os poss\u00edveis casos de pessoas infectadas com o v\u00edrus da gripe influenza A, o H1N1, e que atualmente, o principal trabalho, est\u00e1 sendo realizado na preven\u00e7\u00e3o da contamina\u00e7\u00e3o. Nenhum caso foi confirmado no munic\u00edpio.<\/p>\n<figure id=\"attachment_8623\" aria-describedby=\"caption-attachment-8623\" style=\"width: 250px\" class=\"wp-caption alignleft\"><a href=\"https:\/\/migracao.redenoticia.com.br\/noticia\/imagens\/\/Entrevista-Coletiva-sobre-a-Nova-Gripe-em-ji-Parana.gif\"><img loading=\"lazy\" decoding=\"async\" class=\"size-medium wp-image-8623\" title=\"Entrevista Coletiva sobre a Nova Gripe em ji-Parana\" src=\"https:\/\/migracao.redenoticia.com.br\/noticia\/imagens\/\/Entrevista-Coletiva-sobre-a-Nova-Gripe-em-ji-Parana-250x168.gif\" alt=\"Ji-Paran\u00e1 se prepara contra a Nova Gripe H1N1\" width=\"250\" height=\"168\" srcset=\"https:\/\/migracao.redenoticia.com.br\/noticia\/imagens\/Entrevista-Coletiva-sobre-a-Nova-Gripe-em-ji-Parana-250x168.gif 250w, https:\/\/migracao.redenoticia.com.br\/noticia\/imagens\/Entrevista-Coletiva-sobre-a-Nova-Gripe-em-ji-Parana-400x268.gif 400w, https:\/\/migracao.redenoticia.com.br\/noticia\/imagens\/Entrevista-Coletiva-sobre-a-Nova-Gripe-em-ji-Parana-150x100.gif 150w\" sizes=\"auto, (max-width: 250px) 100vw, 250px\" \/><\/a><figcaption id=\"caption-attachment-8623\" class=\"wp-caption-text\">Ji-Paran\u00e1 se prepara contra a Nova Gripe H1N1<\/figcaption><\/figure>\n<p>Tamb\u00e9m prestaram esclarecimento \u00e0\u00a0popula\u00e7\u00e3o, o prefeito em exerc\u00edcio, Jos\u00e9\u00a0Otonio Lima Silva (PSDB), e a equipe respons\u00e1vel pelos trabalhos de preven\u00e7\u00e3o e atendimento aos infectados com o H1N1, formada pelos m\u00e9dicos Claudionor Couto Roriz e Jaques Mendon\u00e7a, e pelas enfermeiras Haradyane Cornacchia e Simony In\u00e1cio.<\/p>\n<p>Segundo Batista, as autoridades municipais est\u00e3o sempre preocupadas com seu povo e por isso, desde o aparecimento deste v\u00edrus em n\u00edvel nacional que o munic\u00edpio j\u00e1 est\u00e1 realizando diversas a\u00e7\u00f5es e trabalha no acompanhamento de todos os acontecimentos e altera\u00e7\u00f5es relevantes sobre tudo que diz respeito a influenza A.<\/p>\n<p>\u201cDesde o aparecimento do v\u00edrus no Brasil que o m\u00e9dico Claudionor Roriz acompanha, junto ao Minist\u00e9rio da Sa\u00fade, todas as a\u00e7\u00f5es que est\u00e3o sendo realizadas para combater a propaga\u00e7\u00e3o do v\u00edrus. Estamos dando in\u00edcio a capacita\u00e7\u00e3o dos nossos m\u00e9dicos, enfermeiros e t\u00e9cnicos, que receber\u00e3o orienta\u00e7\u00e3o de profissionais do Cemetron. Formamos uma equipe com os m\u00e9dicos e enfermeiros mais experientes do munic\u00edpio. J\u00e1 separamos uma ala no Hospital Municipal para que os suspeitos de estarem infectados sejam atendidos isoladamente. Temos todo um protocolo a seguir\u201d, explicou Batista.<\/p>\n<p>O secret\u00e1rio tamb\u00e9m afirmou que o munic\u00edpio, \u00fanico do interior a ter uma m\u00e9dica infectologista, profissional de import\u00e2ncia decisiva no diagn\u00f3stico dos infectados, j\u00e1 est\u00e1 recebendo a medica\u00e7\u00e3o Taniflur, utilizada no combate ao v\u00edrus.<\/p>\n<p>Outro ponto de grande import\u00e2ncia no trabalho desenvolvido pela Semusa, \u00e9\u00a0a informa\u00e7\u00e3o educativa que est\u00e1\u00a0sendo disponibilizada \u00e0\u00a0popula\u00e7\u00e3o por meio de um v\u00eddeo que ser\u00e1\u00a0exibido nos terminais de TV da sala de espera do Hospital Municipal, al\u00e9m do trabalho em conjunto com a Secretaria Municipal de Educa\u00e7\u00e3o (Semed), com a exibi\u00e7\u00e3o do v\u00eddeo para aproximadamente sete mil crian\u00e7as que atualmente fazem parte da rede municipal de ensino.<\/p>\n<p>Outra medida que ser\u00e1\u00a0 tomada no Hospital Municipal \u00e9\u00a0a restri\u00e7\u00e3o \u00e0s visitas na \u00e1rea de pediatria e obstetr\u00edcia. \u201cSabemos que acontecer\u00e3o muitas reclama\u00e7\u00f5es, mas esta \u00e9 uma medida de preven\u00e7\u00e3o. Al\u00e9m de estarmos refor\u00e7ando ainda mais a limpeza e desinfec\u00e7\u00e3o de todos os setores do HM\u201d, comentou Batista.<\/p>\n<p>Atendimento especial<\/p>\n<p>A Semusa j\u00e1\u00a0est\u00e1\u00a0 com uma equipe de enfermeiros e t\u00e9cnicos que estar\u00e3o atendendo \u00e0s solicita\u00e7\u00f5es de visita domiciliar feitas por telefone. Os cidad\u00e3os, que apresentarem os sintomas da gripe influenza A, e que n\u00e3o podem, ou n\u00e3o t\u00eam condi\u00e7\u00f5es de se locomover at\u00e9 uma das unidades de sa\u00fade do munic\u00edpio dever\u00e3o entrar em contato com estes profissionais pelos n\u00fameros 9955 2551 ou 3424 7601, e solicitar o atendimento.<\/p>\n<p>Cuidados essenciais<\/p>\n<p>Segundo o m\u00e9dico Claudionor Roriz, o v\u00edrus deixou de estar vinculado a casos isolados e est\u00e1 no ambiente, desta forma, \u00e9 de grande import\u00e2ncia que seja realizado um forte trabalho de preven\u00e7\u00e3o. \u201cN\u00e3o temos como segurar o v\u00edrus. Segundo estat\u00edsticas divulgadas pelo Minist\u00e9rio da Sa\u00fade, 85 % das pessoas que se contaminam com o v\u00edrus n\u00e3o desenvolvem a gripe de maneira agressiva. Estamos preocupados exatamente com os 15 % que restam, esses sim, correm um maior risco. Da\u00ed nasceu ent\u00e3o a necessidade da cria\u00e7\u00e3o de um protocolo que estaremos montando neste final de semana e j\u00e1 teremos dispon\u00edvel na pr\u00f3xima segunda-feira\u201d, disse Roriz.<\/p>\n<p>Ainda segundo o m\u00e9dico, a popula\u00e7\u00e3o dever\u00e1\u00a0seguir algumas etapas a partir do momento que apresentam os sintomas da gripe.<\/p>\n<p>1\u00b0- Compare\u00e7a a um dos Centros de Sa\u00fade do Munic\u00edpio, l\u00e1\u00a0o cidad\u00e3o encontrar\u00e1\u00a0 m\u00e9dico treinado capaz de descartar a contamina\u00e7\u00e3o ou enviar o doente ao Hospital Municipal;<\/p>\n<p>2\u00b0\u00a0No Hospital Municipal haver\u00e1\u00a0uma m\u00e9dica infectologista que diagnosticar\u00e1\u00a0 o paciente. Caso seja necess\u00e1rio, o cidad\u00e3o ser\u00e1\u00a0enviado a Porto Velho, para o Centro de Medicina Tropical de Rond\u00f4nia (Cemetron). Ser\u00e1 disponibilizada, pela Semusa, uma ambul\u00e2ncia com profissional especializado para realizar esse transporte \u00e0 capital. Roriz afirmou que o diagn\u00f3stico \u00e9 cl\u00ednico, que n\u00e3o est\u00e1 dispon\u00edvel a op\u00e7\u00e3o de fazer o exame laboratorial, nem em Porto Velho, s\u00f3 fora do Estado e mesmo assim obedecendo a uma enorme fila de espera. Se o paciente for orientado a retornar para a sua resid\u00eancia e houver qualquer tipo de d\u00favida quanto a poss\u00edvel contamina\u00e7\u00e3o, uma equipe da Semusa estar\u00e1 realizando o monitoramento desses indiv\u00edduos durante 10 dias. Atualmente existem 14 casos suspeitos no munic\u00edpio, dois foram enviados para Porto Velho e n\u00e3o receberam confirma\u00e7\u00e3o.<\/p>\n<p>Ainda segundo Roriz, o v\u00edrus \u00e9\u00a0muito agressivo, e se o diagn\u00f3stico n\u00e3o for feito em at\u00e9 dois dias de aparecimento dos sintomas, o cidad\u00e3o passa para uma faixa de risco onde, aproximadamente 90% dos casos, passam por s\u00e9rias complica\u00e7\u00f5es, podendo chegar a \u00f3bito.<\/p>\n<p>Joer<\/p>\n<p>Um ponto bastante discutido durante este encontro informativo das autoridades da \u00e1rea da sa\u00fade no munic\u00edpio \u00e9 quanto \u00e0 realiza\u00e7\u00e3o da final do Joer no munic\u00edpio, que iniciou ontem (14) com abertura oficial no Gin\u00e1sio de Esportes Gerivaldo Jos\u00e9 de Souza (Gerivald\u00e3o).<\/p>\n<p>O Secret\u00e1rio Batista afirmou que ser\u00e3o disponibilizadas diversas equipes de t\u00e9cnicos em enfermagem nos locais onde estar\u00e3o acontecendo as disputas. \u201cTemos uma grande preocupa\u00e7\u00e3o porque ser\u00e3o mais de dois mil jovens vindos de todos os munic\u00edpios do Estado. Esses profissionais estar\u00e3o identificando poss\u00edveis casos e orientando esses esportistas\u201d, afirmou.<\/p>\n<p>Preven\u00e7\u00e3o<\/p>\n<p>O trabalho preventivo \u00e9\u00a0de grande import\u00e2ncia. Em primeiro ligar a popula\u00e7\u00e3o deve evitar locais fechados, isolados. Segundo, lavar as m\u00e3os sempre que poss\u00edvel, e com sab\u00e3o l\u00edquido, pois a contamina\u00e7\u00e3o pode se dar por contato com locais onde pessoas infectados tenham tido contato, como ma\u00e7anetas de portas, copos, utens\u00edlios, entre outros. Evitar o contato das m\u00e3os com a boca, nariz e olhos. E, principalmente identificar poss\u00edveis casos e ficar afastado dessas pessoas. Se poss\u00edvel utilizar o \u00e1lcool em gel, caso contr\u00e1rio, manter as m\u00e3os sempre muito bem limpas.<\/p>\n<p>Sintomas<\/p>\n<p>Segundo Roriz, os sintomas podem ser confundidos com cinco ou seis doen\u00e7as, sendo muito similares aos de uma gripe comum, e at\u00e9\u00a0mesmo aos da dengue. O paciente com gripe su\u00edna (influenza A- H1N1) tem febre acima de 39\u00baC, falta de apetite, dores musculares e tosse. Algumas pessoas com o H1N1 tamb\u00e9m relataram ter apresentado catarro, dor de garganta, n\u00e1usea, v\u00f4mito e diarr\u00e9ia forte. O per\u00edodo de incuba\u00e7\u00e3o da gripe, o tempo at\u00e9 que a pessoa desenvolva os sintomas, \u00e9 de entre 24 e 48 horas, embora ainda n\u00e3o haja confirma\u00e7\u00e3o de um padr\u00e3o para tal enfermidade.<\/p>\n","protected":false},"excerpt":{"rendered":"<p>Em entrevista coletiva na sede do Pode Executivo de Ji-Paran\u00e1, Rond\u00f4nia, o Secret\u00e1rio Municipal de Sa\u00fade, Jos\u00e9\u00a0Batista da Silva, afirmou que n\u00e3o h\u00e1\u00a0motivo para p\u00e2nico, que a popula\u00e7\u00e3o pode ficar tranq\u00fcila que a Secretaria Municipal de Sa\u00fade (Semusa), j\u00e1 tomou todas as provid\u00eancias necess\u00e1rias para atender os poss\u00edveis casos de pessoas infectadas com o v\u00edrus [&hellip;]<\/p>\n","protected":false},"author":3,"featured_media":0,"comment_status":"open","ping_status":"open","sticky":false,"template":"","format":"standard","meta":{"tdm_status":"","tdm_grid_status":"","footnotes":""},"categories":[22],"tags":[],"class_list":{"0":"post-8620","1":"post","2":"type-post","3":"status-publish","4":"format-standard","6":"category-brasil"},"_links":{"self":[{"href":"https:\/\/migracao.redenoticia.com.br\/noticia\/wp-json\/wp\/v2\/posts\/8620","targetHints":{"allow":["GET"]}}],"collection":[{"href":"https:\/\/migracao.redenoticia.com.br\/noticia\/wp-json\/wp\/v2\/posts"}],"about":[{"href":"https:\/\/migracao.redenoticia.com.br\/noticia\/wp-json\/wp\/v2\/types\/post"}],"author":[{"embeddable":true,"href":"https:\/\/migracao.redenoticia.com.br\/noticia\/wp-json\/wp\/v2\/users\/3"}],"replies":[{"embeddable":true,"href":"https:\/\/migracao.redenoticia.com.br\/noticia\/wp-json\/wp\/v2\/comments?post=8620"}],"version-history":[{"count":0,"href":"https:\/\/migracao.redenoticia.com.br\/noticia\/wp-json\/wp\/v2\/posts\/8620\/revisions"}],"wp:attachment":[{"href":"https:\/\/migracao.redenoticia.com.br\/noticia\/wp-json\/wp\/v2\/media?parent=8620"}],"wp:term":[{"taxonomy":"category","embeddable":true,"href":"https:\/\/migracao.redenoticia.com.br\/noticia\/wp-json\/wp\/v2\/categories?post=8620"},{"taxonomy":"post_tag","embeddable":true,"href":"https:\/\/migracao.redenoticia.com.br\/noticia\/wp-json\/wp\/v2\/tags?post=8620"}],"curies":[{"name":"wp","href":"https:\/\/api.w.org\/{rel}","templated":true}]}}