{"id":86218,"date":"2016-05-13T19:36:37","date_gmt":"2016-05-13T22:36:37","guid":{"rendered":"http:\/\/www.redenoticia.com.br\/noticia\/?p=86218"},"modified":"2016-05-13T16:38:05","modified_gmt":"2016-05-13T19:38:05","slug":"novela-sila-resumo-1405-sila-decide-conversar-com-boran","status":"publish","type":"post","link":"https:\/\/migracao.redenoticia.com.br\/noticia\/2016\/novela-sila-resumo-1405-sila-decide-conversar-com-boran\/86218","title":{"rendered":"Novela \u201cSila\u201d resumo 14\/05: Sila decide conversar com Boran"},"content":{"rendered":"<p> <img loading=\"lazy\" decoding=\"async\" class=\"alignleft size-thumbnail wp-image-83098\" src=\"https:\/\/migracao.redenoticia.com.br\/noticia\/imagens\/sila_band_novela_resumo_capitulo-150x112.jpg\" alt=\"sila_band_novela_resumo_capitulo\" width=\"150\" height=\"112\" srcset=\"https:\/\/migracao.redenoticia.com.br\/noticia\/imagens\/sila_band_novela_resumo_capitulo-150x112.jpg 150w, https:\/\/migracao.redenoticia.com.br\/noticia\/imagens\/sila_band_novela_resumo_capitulo-265x198.jpg 265w\" sizes=\"auto, (max-width: 150px) 100vw, 150px\" \/><strong><em> Novela \u201cSila\u201d resumo 14\/05<\/em><\/strong>: Boran invade a casa de Sila e \u00e9 baleado. Ap\u00f3s perder muito sangue, Boran desmaia e \u00e9 socorrido por Abay e Gizem. Dias depois, Sila sofre um acidente de carro e se preocupa com a sa\u00fade do beb\u00ea. Boran corre para o hospital e v\u00ea Sila com Emre. Ap\u00f3s o susto, Sila decide que chegou a hora de conversar com o marido. Ela convida o marido para um encontro. Ela acredita que \u00e9 necess\u00e1rio resolver suas diferen\u00e7as.<\/p>\n<p>No capitulo 041(*), novela \u201cSila\u201d, s\u00e1bado, 14 de maio &#8211; Boran descobre que Sila est\u00e1 gr\u00e1vida. Ele liga para Sila, mas ela desliga o celular. Boran tenta impedir Dihan de seguir as ordens do cl\u00e3 e amea\u00e7a mat\u00e1-lo. Boran invade a casa de Sila e \u00e9 baleado. Azad e Emre se desentendem. Ap\u00f3s perder muito sangue, Boran desmaia e \u00e9 socorrido por Abay e Gizem.<\/p>\n<p>Sila matricula o irm\u00e3o na escola. Dihan duvida que Boran seja o pai do beb\u00ea de Sila. Boran matricula uma crian\u00e7a na mesma escola de Emir. Sila decide ter o beb\u00ea, mas ainda pensa que Boran \u00e9 infiel. Boran compra presentes para o beb\u00ea e v\u00ea fotos de Emre no quarto de Sila.<\/p>\n<p>Boran e Sila se encontram na porta da escola. Sila sofre um acidente de carro e se preocupa com a sa\u00fade do beb\u00ea. Boran v\u00ea Sila saindo do hospital de bra\u00e7os dados com Emre. Sila obriga Boran a encontr\u00e1-la na praia e, depois de uma longa discuss\u00e3o, fazem as pazes.<\/p>\n<p>(*) edi\u00e7\u00e3o da Band, Novela \u201cSila\u201d, sujeito a altera\u00e7\u00e3o de data e conte\u00fado.<\/p>\n","protected":false},"excerpt":{"rendered":"<p>Novela \u201cSila\u201d resumo 14\/05: Boran invade a casa de Sila e \u00e9 baleado. Ap\u00f3s perder muito sangue, Boran desmaia e \u00e9 socorrido por Abay e Gizem. Dias depois, Sila sofre um acidente de carro e se preocupa com a sa\u00fade do beb\u00ea. Boran corre para o hospital e v\u00ea Sila com Emre. Ap\u00f3s o susto, [&hellip;]<\/p>\n","protected":false},"author":2,"featured_media":83098,"comment_status":"open","ping_status":"closed","sticky":false,"template":"","format":"standard","meta":{"tdm_status":"","tdm_grid_status":"","footnotes":""},"categories":[390,379,343],"tags":[441],"class_list":{"0":"post-86218","1":"post","2":"type-post","3":"status-publish","4":"format-standard","5":"has-post-thumbnail","7":"category-band","8":"category-novelas","9":"category-televisao","10":"tag-resumo-do-dia"},"_links":{"self":[{"href":"https:\/\/migracao.redenoticia.com.br\/noticia\/wp-json\/wp\/v2\/posts\/86218","targetHints":{"allow":["GET"]}}],"collection":[{"href":"https:\/\/migracao.redenoticia.com.br\/noticia\/wp-json\/wp\/v2\/posts"}],"about":[{"href":"https:\/\/migracao.redenoticia.com.br\/noticia\/wp-json\/wp\/v2\/types\/post"}],"author":[{"embeddable":true,"href":"https:\/\/migracao.redenoticia.com.br\/noticia\/wp-json\/wp\/v2\/users\/2"}],"replies":[{"embeddable":true,"href":"https:\/\/migracao.redenoticia.com.br\/noticia\/wp-json\/wp\/v2\/comments?post=86218"}],"version-history":[{"count":0,"href":"https:\/\/migracao.redenoticia.com.br\/noticia\/wp-json\/wp\/v2\/posts\/86218\/revisions"}],"wp:featuredmedia":[{"embeddable":true,"href":"https:\/\/migracao.redenoticia.com.br\/noticia\/wp-json\/wp\/v2\/media\/83098"}],"wp:attachment":[{"href":"https:\/\/migracao.redenoticia.com.br\/noticia\/wp-json\/wp\/v2\/media?parent=86218"}],"wp:term":[{"taxonomy":"category","embeddable":true,"href":"https:\/\/migracao.redenoticia.com.br\/noticia\/wp-json\/wp\/v2\/categories?post=86218"},{"taxonomy":"post_tag","embeddable":true,"href":"https:\/\/migracao.redenoticia.com.br\/noticia\/wp-json\/wp\/v2\/tags?post=86218"}],"curies":[{"name":"wp","href":"https:\/\/api.w.org\/{rel}","templated":true}]}}