{"id":86228,"date":"2016-05-13T19:50:53","date_gmt":"2016-05-13T22:50:53","guid":{"rendered":"http:\/\/www.redenoticia.com.br\/noticia\/?p=86228"},"modified":"2016-05-13T16:53:32","modified_gmt":"2016-05-13T19:53:32","slug":"novela-velho-chico-resumo-1405-afranio-se-enfurece-com-miguel","status":"publish","type":"post","link":"https:\/\/migracao.redenoticia.com.br\/noticia\/2016\/novela-velho-chico-resumo-1405-afranio-se-enfurece-com-miguel\/86228","title":{"rendered":"Novela \u201cVelho Chico\u201d resumo 14\/05: Afr\u00e2nio se enfurece com Miguel"},"content":{"rendered":"<p> <img loading=\"lazy\" decoding=\"async\" class=\"alignleft size-thumbnail wp-image-82169\" src=\"https:\/\/migracao.redenoticia.com.br\/noticia\/imagens\/velho_chico_novela_resumo_globo-150x112.jpg\" alt=\"velho_chico_novela_resumo_globo\" width=\"150\" height=\"112\" srcset=\"https:\/\/migracao.redenoticia.com.br\/noticia\/imagens\/velho_chico_novela_resumo_globo-150x112.jpg 150w, https:\/\/migracao.redenoticia.com.br\/noticia\/imagens\/velho_chico_novela_resumo_globo-265x198.jpg 265w\" sizes=\"auto, (max-width: 150px) 100vw, 150px\" \/><strong><em>Novela \u201cVelho Chico\u201d resumo 14\/05<\/em><\/strong>: ao visitar a fazenda na companhia de C\u00edcero, Miguel se enfurece com o que v\u00ea. Ele diz que est\u00e1 tudo errado na forma com que o trabalho \u00e9 conduzido. Sem entender exatamente o que o rapaz est\u00e1 falando, C\u00edcero fala para Miguel se queixar com o coronel, porque eles fazem as coisas do gosto do saru\u00ea e n\u00e3o da cabe\u00e7a deles. Mais tarde, C\u00edcero fala sobre a visita com o coronel Afr\u00e2nio e este se enfurece ao saber que Miguel n\u00e3o aprova o funcionamento de sua fazenda.<\/p>\n<p>No capitulo 054 (*), novela \u201cVelho Chico\u201d, s\u00e1bado, 14 de maio \u2013  Iolanda reclama de Afr\u00e2nio para Doninha. Encarna\u00e7\u00e3o conta hist\u00f3rias para Miguel sobre o marido. Doninha desconversa quando Miguel pergunta sobre Santo. Tereza e Carlos n\u00e3o conseguem se entender. <\/p>\n<p>Ceci critica Beatriz por n\u00e3o ficar com Bento. Encarna\u00e7\u00e3o afirma a Doninha que Martim est\u00e1 pr\u00f3ximo de voltar para a fazenda. Martim l\u00ea as cartas enviadas por Tereza e Iolanda e chora ao relembrar seu passado. <\/p>\n<p>Tereza se aconselha com Bete. Lucas admira Santo. Afr\u00e2nio se enfurece ao saber que Miguel n\u00e3o aprovou o funcionamento de sua fazenda.<\/p>\n<p>(*) edi\u00e7\u00e3o da Rede Globo, Novela \u201cVelho Chico\u201d, sujeito a altera\u00e7\u00e3o de data e conte\u00fado.<\/p>\n","protected":false},"excerpt":{"rendered":"<p>Novela \u201cVelho Chico\u201d resumo 14\/05: ao visitar a fazenda na companhia de C\u00edcero, Miguel se enfurece com o que v\u00ea. Ele diz que est\u00e1 tudo errado na forma com que o trabalho \u00e9 conduzido. Sem entender exatamente o que o rapaz est\u00e1 falando, C\u00edcero fala para Miguel se queixar com o coronel, porque eles fazem [&hellip;]<\/p>\n","protected":false},"author":2,"featured_media":82169,"comment_status":"open","ping_status":"closed","sticky":false,"template":"","format":"standard","meta":{"tdm_status":"","tdm_grid_status":"","footnotes":""},"categories":[379,375,343],"tags":[441],"class_list":{"0":"post-86228","1":"post","2":"type-post","3":"status-publish","4":"format-standard","5":"has-post-thumbnail","7":"category-novelas","8":"category-rede-globo","9":"category-televisao","10":"tag-resumo-do-dia"},"_links":{"self":[{"href":"https:\/\/migracao.redenoticia.com.br\/noticia\/wp-json\/wp\/v2\/posts\/86228","targetHints":{"allow":["GET"]}}],"collection":[{"href":"https:\/\/migracao.redenoticia.com.br\/noticia\/wp-json\/wp\/v2\/posts"}],"about":[{"href":"https:\/\/migracao.redenoticia.com.br\/noticia\/wp-json\/wp\/v2\/types\/post"}],"author":[{"embeddable":true,"href":"https:\/\/migracao.redenoticia.com.br\/noticia\/wp-json\/wp\/v2\/users\/2"}],"replies":[{"embeddable":true,"href":"https:\/\/migracao.redenoticia.com.br\/noticia\/wp-json\/wp\/v2\/comments?post=86228"}],"version-history":[{"count":0,"href":"https:\/\/migracao.redenoticia.com.br\/noticia\/wp-json\/wp\/v2\/posts\/86228\/revisions"}],"wp:featuredmedia":[{"embeddable":true,"href":"https:\/\/migracao.redenoticia.com.br\/noticia\/wp-json\/wp\/v2\/media\/82169"}],"wp:attachment":[{"href":"https:\/\/migracao.redenoticia.com.br\/noticia\/wp-json\/wp\/v2\/media?parent=86228"}],"wp:term":[{"taxonomy":"category","embeddable":true,"href":"https:\/\/migracao.redenoticia.com.br\/noticia\/wp-json\/wp\/v2\/categories?post=86228"},{"taxonomy":"post_tag","embeddable":true,"href":"https:\/\/migracao.redenoticia.com.br\/noticia\/wp-json\/wp\/v2\/tags?post=86228"}],"curies":[{"name":"wp","href":"https:\/\/api.w.org\/{rel}","templated":true}]}}