{"id":86232,"date":"2016-05-13T17:26:52","date_gmt":"2016-05-13T20:26:52","guid":{"rendered":"http:\/\/www.redenoticia.com.br\/noticia\/?p=86232"},"modified":"2016-05-13T17:26:52","modified_gmt":"2016-05-13T20:26:52","slug":"novela-cuidado-com-o-anjo-resumo-1605-malu-pede-a-candelaria-que-a-proteja","status":"publish","type":"post","link":"https:\/\/migracao.redenoticia.com.br\/noticia\/2016\/novela-cuidado-com-o-anjo-resumo-1605-malu-pede-a-candelaria-que-a-proteja\/86232","title":{"rendered":"Novela \u201cCuidado com o Anjo\u201d resumo 16\/05: Mal\u00fa pede a Candel\u00e1ria que a proteja"},"content":{"rendered":"<p> <img loading=\"lazy\" decoding=\"async\" class=\"alignleft size-thumbnail wp-image-82049\" src=\"https:\/\/migracao.redenoticia.com.br\/noticia\/imagens\/cuidado-com-o-anjo-novela-resumo-capitulo-sbt-episodio-150x112.jpg\" alt=\"cuidado com o anjo novela resumo capitulo sbt episodio\" width=\"150\" height=\"112\" srcset=\"https:\/\/migracao.redenoticia.com.br\/noticia\/imagens\/cuidado-com-o-anjo-novela-resumo-capitulo-sbt-episodio-150x112.jpg 150w, https:\/\/migracao.redenoticia.com.br\/noticia\/imagens\/cuidado-com-o-anjo-novela-resumo-capitulo-sbt-episodio-265x198.jpg 265w\" sizes=\"auto, (max-width: 150px) 100vw, 150px\" \/><strong><em>Novela \u201cCuidado com o Anjo\u201d resumo 16\/05<\/em><\/strong>: Ana J\u00falia vai atr\u00e1s de Mal\u00fa e diz que Jo\u00e3o Miguel est\u00e1 no hospital. Indignada, Candel\u00e1ria a expulsa do quarto e amea\u00e7a mand\u00e1-la para a cadeia. Mal\u00fa pede a Candel\u00e1ria que a proteja de Jo\u00e3o Miguel. Cec\u00edlia tenta acalmar a filha e ela questiona a m\u00e3e sobre as coisas que Ana J\u00falia disse. Mais tarde, em conversa com Rafael, Mal\u00fa confessa que gostaria de apagar de sua mente todas as lembran\u00e7as que tem de Jo\u00e3o Miguel.<\/p>\n<p>No capitulo 121 (*), novela \u201cCuidado com o Anjo\u201d, segunda-feira, 16 de maio \u2013 Mal\u00fa pede a Candel\u00e1ria que a proteja de Jo\u00e3o Miguel. Cec\u00edlia tenta acalmar a filha e ela questiona a m\u00e3e sobre as coisas que Ana J\u00falia disse. Of\u00e9lia vai at\u00e9 a casa de Ana J\u00falia e exige que ela se afaste de sua fam\u00edlia. <\/p>\n<p>Mal\u00fa confessa a Rafael que gostaria de apagar de sua mente todas as lembran\u00e7as que tem de Jo\u00e3o Miguel. Ana J\u00falia est\u00e1 determinada a conquistar Jo\u00e3o Miguel. Vicente diz a Rosa que est\u00e1 doente e pede para passar os \u00faltimos meses de vida ao seu lado. Mal\u00fa conhece o Dr. Iturbe e Jo\u00e3o Miguel fica enciumado. Chega o dia da retirada da venda dos olhos de Mal\u00fa. <\/p>\n<p>Daniel enfrenta Vicente e pede a Rosa que n\u00e3o permita que seu ex- marido destrua o amor deles. Amador obriga Vicente a ajud\u00e1-lo a sequestrar Rafael. Vicente telefona para Jo\u00e3o Miguel para pedir o resgate e ele reconhece sua voz. Mal\u00fa pede aos pais o dinheiro do resgate.<\/p>\n<p>(*) edi\u00e7\u00e3o do SBT, Novela \u201cCuidado com o Anjo\u201d, sujeito a altera\u00e7\u00e3o de data e conte\u00fado.<\/p>\n","protected":false},"excerpt":{"rendered":"<p>Novela \u201cCuidado com o Anjo\u201d resumo 16\/05: Ana J\u00falia vai atr\u00e1s de Mal\u00fa e diz que Jo\u00e3o Miguel est\u00e1 no hospital. Indignada, Candel\u00e1ria a expulsa do quarto e amea\u00e7a mand\u00e1-la para a cadeia. Mal\u00fa pede a Candel\u00e1ria que a proteja de Jo\u00e3o Miguel. Cec\u00edlia tenta acalmar a filha e ela questiona a m\u00e3e sobre as [&hellip;]<\/p>\n","protected":false},"author":2,"featured_media":82049,"comment_status":"open","ping_status":"closed","sticky":false,"template":"","format":"standard","meta":{"tdm_status":"","tdm_grid_status":"","footnotes":""},"categories":[379,372,343],"tags":[441],"class_list":{"0":"post-86232","1":"post","2":"type-post","3":"status-publish","4":"format-standard","5":"has-post-thumbnail","7":"category-novelas","8":"category-sbt","9":"category-televisao","10":"tag-resumo-do-dia"},"_links":{"self":[{"href":"https:\/\/migracao.redenoticia.com.br\/noticia\/wp-json\/wp\/v2\/posts\/86232","targetHints":{"allow":["GET"]}}],"collection":[{"href":"https:\/\/migracao.redenoticia.com.br\/noticia\/wp-json\/wp\/v2\/posts"}],"about":[{"href":"https:\/\/migracao.redenoticia.com.br\/noticia\/wp-json\/wp\/v2\/types\/post"}],"author":[{"embeddable":true,"href":"https:\/\/migracao.redenoticia.com.br\/noticia\/wp-json\/wp\/v2\/users\/2"}],"replies":[{"embeddable":true,"href":"https:\/\/migracao.redenoticia.com.br\/noticia\/wp-json\/wp\/v2\/comments?post=86232"}],"version-history":[{"count":0,"href":"https:\/\/migracao.redenoticia.com.br\/noticia\/wp-json\/wp\/v2\/posts\/86232\/revisions"}],"wp:featuredmedia":[{"embeddable":true,"href":"https:\/\/migracao.redenoticia.com.br\/noticia\/wp-json\/wp\/v2\/media\/82049"}],"wp:attachment":[{"href":"https:\/\/migracao.redenoticia.com.br\/noticia\/wp-json\/wp\/v2\/media?parent=86232"}],"wp:term":[{"taxonomy":"category","embeddable":true,"href":"https:\/\/migracao.redenoticia.com.br\/noticia\/wp-json\/wp\/v2\/categories?post=86232"},{"taxonomy":"post_tag","embeddable":true,"href":"https:\/\/migracao.redenoticia.com.br\/noticia\/wp-json\/wp\/v2\/tags?post=86232"}],"curies":[{"name":"wp","href":"https:\/\/api.w.org\/{rel}","templated":true}]}}