{"id":86249,"date":"2016-05-14T17:50:22","date_gmt":"2016-05-14T20:50:22","guid":{"rendered":"http:\/\/www.redenoticia.com.br\/noticia\/?p=86249"},"modified":"2016-05-13T17:51:19","modified_gmt":"2016-05-13T20:51:19","slug":"novela-eta-mundo-bom-resumo-1605-ilde-se-recusa-a-vender-a-casa","status":"publish","type":"post","link":"https:\/\/migracao.redenoticia.com.br\/noticia\/2016\/novela-eta-mundo-bom-resumo-1605-ilde-se-recusa-a-vender-a-casa\/86249","title":{"rendered":"Novela \u201cEta Mundo Bom\u201d resumo 16\/05: Ilde se recusa a vender a casa"},"content":{"rendered":"<p> <img loading=\"lazy\" decoding=\"async\" class=\"alignleft size-thumbnail wp-image-82131\" src=\"https:\/\/migracao.redenoticia.com.br\/noticia\/imagens\/eta_mundo_bom_globo_novela_resumo-150x112.jpg\" alt=\"eta_mundo_bom_globo_novela_resumo\" width=\"150\" height=\"112\" srcset=\"https:\/\/migracao.redenoticia.com.br\/noticia\/imagens\/eta_mundo_bom_globo_novela_resumo-150x112.jpg 150w, https:\/\/migracao.redenoticia.com.br\/noticia\/imagens\/eta_mundo_bom_globo_novela_resumo-265x198.jpg 265w\" sizes=\"auto, (max-width: 150px) 100vw, 150px\" \/><strong><em>Novela \u201cEta Mundo Bom\u201d resumo 16\/05<\/em><\/strong>: para impedir que Ilde jogue Aladin na rua, Cl\u00e1udio consegue ficar de p\u00e9. Neste momento, Ara\u00fajo chega e se emociona ao ver o filho de p\u00e9 e permite que ele adote o c\u00e3ozinho. Ara\u00fajo leva Cl\u00e1udio ao ortopedista e este diz que h\u00e1 uma grande chance do menino voltar a andar. \u00c9 um longo processo de recupera\u00e7\u00e3o. Para auxiliar nas despesas do tratamento \u00e9 necess\u00e1rio vender da casa onde residem. Ilde se recusa a faz\u00ea-lo. <\/p>\n<p>No capitulo 103 (*), novela \u201cEta Mundo Bom\u201d, segunda-feira, 16 de maio \u2013 Ara\u00fajo se emociona ao ver Cl\u00e1udio de p\u00e9 e permite que o filho adote o c\u00e3ozinho. Anast\u00e1cia pede um tempo para pensar na proposta de Pandolfo e confessa que tem interesse por outro homem. <\/p>\n<p>Braz orienta Diana a contratar uma mulher para fingir para Severo que \u00e9 sua m\u00e3e. Anast\u00e1cia se declara a Pancr\u00e1cio e os dois se beijam. O ortopedista afirma a Ara\u00fajo que h\u00e1 uma chance de Cl\u00e1udio voltar a andar. Diva, amiga de Paulina, se apresenta a Severo como m\u00e3e de Diana. <\/p>\n<p>Ilde se recusa a vender a casa para auxiliar nas despesas do tratamento de Cl\u00e1udio.<\/p>\n<p>(*) edi\u00e7\u00e3o da Rede Globo, Novela \u201cEta Mundo Bom\u201d, sujeito a altera\u00e7\u00e3o de data e conte\u00fado.<\/p>\n","protected":false},"excerpt":{"rendered":"<p>Novela \u201cEta Mundo Bom\u201d resumo 16\/05: para impedir que Ilde jogue Aladin na rua, Cl\u00e1udio consegue ficar de p\u00e9. Neste momento, Ara\u00fajo chega e se emociona ao ver o filho de p\u00e9 e permite que ele adote o c\u00e3ozinho. Ara\u00fajo leva Cl\u00e1udio ao ortopedista e este diz que h\u00e1 uma grande chance do menino voltar [&hellip;]<\/p>\n","protected":false},"author":2,"featured_media":82131,"comment_status":"open","ping_status":"closed","sticky":false,"template":"","format":"standard","meta":{"tdm_status":"","tdm_grid_status":"","footnotes":""},"categories":[379,375,343],"tags":[441],"class_list":{"0":"post-86249","1":"post","2":"type-post","3":"status-publish","4":"format-standard","5":"has-post-thumbnail","7":"category-novelas","8":"category-rede-globo","9":"category-televisao","10":"tag-resumo-do-dia"},"_links":{"self":[{"href":"https:\/\/migracao.redenoticia.com.br\/noticia\/wp-json\/wp\/v2\/posts\/86249","targetHints":{"allow":["GET"]}}],"collection":[{"href":"https:\/\/migracao.redenoticia.com.br\/noticia\/wp-json\/wp\/v2\/posts"}],"about":[{"href":"https:\/\/migracao.redenoticia.com.br\/noticia\/wp-json\/wp\/v2\/types\/post"}],"author":[{"embeddable":true,"href":"https:\/\/migracao.redenoticia.com.br\/noticia\/wp-json\/wp\/v2\/users\/2"}],"replies":[{"embeddable":true,"href":"https:\/\/migracao.redenoticia.com.br\/noticia\/wp-json\/wp\/v2\/comments?post=86249"}],"version-history":[{"count":0,"href":"https:\/\/migracao.redenoticia.com.br\/noticia\/wp-json\/wp\/v2\/posts\/86249\/revisions"}],"wp:featuredmedia":[{"embeddable":true,"href":"https:\/\/migracao.redenoticia.com.br\/noticia\/wp-json\/wp\/v2\/media\/82131"}],"wp:attachment":[{"href":"https:\/\/migracao.redenoticia.com.br\/noticia\/wp-json\/wp\/v2\/media?parent=86249"}],"wp:term":[{"taxonomy":"category","embeddable":true,"href":"https:\/\/migracao.redenoticia.com.br\/noticia\/wp-json\/wp\/v2\/categories?post=86249"},{"taxonomy":"post_tag","embeddable":true,"href":"https:\/\/migracao.redenoticia.com.br\/noticia\/wp-json\/wp\/v2\/tags?post=86249"}],"curies":[{"name":"wp","href":"https:\/\/api.w.org\/{rel}","templated":true}]}}