{"id":86253,"date":"2016-05-14T19:53:07","date_gmt":"2016-05-14T22:53:07","guid":{"rendered":"http:\/\/www.redenoticia.com.br\/noticia\/?p=86253"},"modified":"2016-05-13T17:57:12","modified_gmt":"2016-05-13T20:57:12","slug":"novela-velho-chico-resumo-1605-miguel-sai-da-sala-do-avo-contrariado","status":"publish","type":"post","link":"https:\/\/migracao.redenoticia.com.br\/noticia\/2016\/novela-velho-chico-resumo-1605-miguel-sai-da-sala-do-avo-contrariado\/86253","title":{"rendered":"Novela \u201cVelho Chico\u201d resumo 16\/05: Miguel sai da sala do av\u00f4 contrariado"},"content":{"rendered":"<p> <img loading=\"lazy\" decoding=\"async\" class=\"alignleft size-thumbnail wp-image-82169\" src=\"https:\/\/migracao.redenoticia.com.br\/noticia\/imagens\/velho_chico_novela_resumo_globo-150x112.jpg\" alt=\"velho_chico_novela_resumo_globo\" width=\"150\" height=\"112\" srcset=\"https:\/\/migracao.redenoticia.com.br\/noticia\/imagens\/velho_chico_novela_resumo_globo-150x112.jpg 150w, https:\/\/migracao.redenoticia.com.br\/noticia\/imagens\/velho_chico_novela_resumo_globo-265x198.jpg 265w\" sizes=\"auto, (max-width: 150px) 100vw, 150px\" \/><strong><em>Novela \u201cVelho Chico\u201d resumo 16\/05<\/em><\/strong>: depois de visitar as terras do av\u00f4, Miguel o procura e aponta erros no plantio. Afr\u00e2nio fica irritad\u00edssimo com o neto e pergunta o que ele est\u00e1 fazendo de errado e Miguel diz que n\u00e3o est\u00e1 fazendo nada errado, apenas ultrapassado. Ele tenta explicar que o solo est\u00e1 muito exposto e que o uso de m\u00e1quinas para carpir prejudica o plantio. Ele sugere que o av\u00f4 coloque animais para controlar o crescimento da vegeta\u00e7\u00e3o de forma sustent\u00e1vel. O coronel faz pouco das ideias do neto, debocha das sugest\u00f5es e o chama de moleque. Miguel sai da sala do av\u00f4, contrariado, para n\u00e3o prolongar ainda mais a discuss\u00e3o.<\/p>\n<p>No capitulo 054 (*), novela \u201cVelho Chico\u201d, segunda-feira, 16 de maio \u2013 Afr\u00e2nio ironiza as mudan\u00e7as que Miguel prop\u00f5e para a fazenda. Martim encontra o local onde seus av\u00f3s est\u00e3o enterrados. <\/p>\n<p>Iolanda discute com Afr\u00e2nio por causa de Miguel. Luzia tenta convencer Piedade a n\u00e3o falar sobre Miguel com Santo. Beatriz pensa em ficar com Bento. Isabel faz Lucas acreditar que Ol\u00edvia est\u00e1 interessada nele. <\/p>\n<p>Beatriz diz a Ceci que teme que Bento mude seu comportamento com ela. Lucas tenta convencer Santo a apoiar um projeto de Ol\u00edvia. C\u00edcero fala de Afr\u00e2nio para Miguel. Martim cuida do t\u00famulo de seus av\u00f3s. <\/p>\n<p>(*) edi\u00e7\u00e3o da Rede Globo, Novela \u201cVelho Chico\u201d, sujeito a altera\u00e7\u00e3o de data e conte\u00fado.<\/p>\n","protected":false},"excerpt":{"rendered":"<p>Novela \u201cVelho Chico\u201d resumo 16\/05: depois de visitar as terras do av\u00f4, Miguel o procura e aponta erros no plantio. Afr\u00e2nio fica irritad\u00edssimo com o neto e pergunta o que ele est\u00e1 fazendo de errado e Miguel diz que n\u00e3o est\u00e1 fazendo nada errado, apenas ultrapassado. Ele tenta explicar que o solo est\u00e1 muito exposto [&hellip;]<\/p>\n","protected":false},"author":2,"featured_media":82169,"comment_status":"open","ping_status":"closed","sticky":false,"template":"","format":"standard","meta":{"tdm_status":"","tdm_grid_status":"","footnotes":""},"categories":[379,375,343],"tags":[441],"class_list":{"0":"post-86253","1":"post","2":"type-post","3":"status-publish","4":"format-standard","5":"has-post-thumbnail","7":"category-novelas","8":"category-rede-globo","9":"category-televisao","10":"tag-resumo-do-dia"},"_links":{"self":[{"href":"https:\/\/migracao.redenoticia.com.br\/noticia\/wp-json\/wp\/v2\/posts\/86253","targetHints":{"allow":["GET"]}}],"collection":[{"href":"https:\/\/migracao.redenoticia.com.br\/noticia\/wp-json\/wp\/v2\/posts"}],"about":[{"href":"https:\/\/migracao.redenoticia.com.br\/noticia\/wp-json\/wp\/v2\/types\/post"}],"author":[{"embeddable":true,"href":"https:\/\/migracao.redenoticia.com.br\/noticia\/wp-json\/wp\/v2\/users\/2"}],"replies":[{"embeddable":true,"href":"https:\/\/migracao.redenoticia.com.br\/noticia\/wp-json\/wp\/v2\/comments?post=86253"}],"version-history":[{"count":0,"href":"https:\/\/migracao.redenoticia.com.br\/noticia\/wp-json\/wp\/v2\/posts\/86253\/revisions"}],"wp:featuredmedia":[{"embeddable":true,"href":"https:\/\/migracao.redenoticia.com.br\/noticia\/wp-json\/wp\/v2\/media\/82169"}],"wp:attachment":[{"href":"https:\/\/migracao.redenoticia.com.br\/noticia\/wp-json\/wp\/v2\/media?parent=86253"}],"wp:term":[{"taxonomy":"category","embeddable":true,"href":"https:\/\/migracao.redenoticia.com.br\/noticia\/wp-json\/wp\/v2\/categories?post=86253"},{"taxonomy":"post_tag","embeddable":true,"href":"https:\/\/migracao.redenoticia.com.br\/noticia\/wp-json\/wp\/v2\/tags?post=86253"}],"curies":[{"name":"wp","href":"https:\/\/api.w.org\/{rel}","templated":true}]}}