{"id":86259,"date":"2016-05-16T10:31:38","date_gmt":"2016-05-16T13:31:38","guid":{"rendered":"http:\/\/www.redenoticia.com.br\/noticia\/?p=86259"},"modified":"2016-05-13T18:32:17","modified_gmt":"2016-05-13T21:32:17","slug":"violencia-e-acidentes-de-transito-afetam-vida-dos-jovens-no-brasil-diz-pesquisa","status":"publish","type":"post","link":"https:\/\/migracao.redenoticia.com.br\/noticia\/2016\/violencia-e-acidentes-de-transito-afetam-vida-dos-jovens-no-brasil-diz-pesquisa\/86259","title":{"rendered":"Viol\u00eancia e acidentes de tr\u00e2nsito afetam vida dos jovens no Brasil, diz pesquisa"},"content":{"rendered":"<p> Estudo in\u00e9dito conduzido pelo Institute for Health Metrics and Evaluation, da Universidade de Washington, revela que a viol\u00eancia entre pessoas, os <strong><em>acidentes de tr\u00e2nsito<\/em><\/strong> e a automutila\u00e7\u00e3o t\u00eam impacto substancial na vida de jovens brasileiros. A pesquisa faz parte de um levantamento sobre os principais motivos de morte ou de comprometimento da sa\u00fade entre adolescentes, divulgado pela revista m\u00e9dica brit\u00e2nica The Lancet.<\/p>\n<p>Os dados utilizados na pesquisa foram retirados de um estudo sobre doen\u00e7as, les\u00f5es e fatores de risco publicado em 2013 e que trata de padr\u00f5es de problemas de sa\u00fade, defici\u00eancias e \u00f3bitos entre pessoas jovens de 188 pa\u00edses no per\u00edodo de 1990 a 2013.<\/p>\n<p>De acordo com a pesquisa, no Brasil, a viol\u00eancia entre pessoas representa a explica\u00e7\u00e3o n\u00famero um de morte entre jovens de 15 a 24 anos, enquanto os acidentes de tr\u00e2nsito respondem pela maior parte dos \u00f3bitos registrados entre adolescentes de 10 a 14 anos. Em 2013, 9.320 jovens nessa faixa et\u00e1ria morreram nas rodovias brasileiras. \u2013 quase o mesmo n\u00famero total de mortes por acidentes de tr\u00e2nsito contabilizadas em todo o ano de 1990.<\/p>\n<p>A automutila\u00e7\u00e3o, segundo o estudo, ocupou o terceiro lugar no ranking de principais causas de morte entre jovens de 20 a 24 anos em 2013. \u201cDiferentemente de outros pa\u00edses, o uso abusivo de drogas n\u00e3o est\u00e1 entre as principais causas de morte no Brasil, aparecendo na oitava coloca\u00e7\u00e3o entre as raz\u00f5es de comprometimento da sa\u00fade de jovens nessa mesma faixa et\u00e1ria\u201d, diz o levantamento.<\/p>\n<p>Dist\u00farbios depressivos e ansiedade foram elencados entre os cinco principais fatores que prejudicam a sa\u00fade de meninas em todas as faixas et\u00e1rias em 1990. Em 2013, a asma respondeu pela principal origem de grave dano \u00e0 sa\u00fade entre adolescentes de ambos os sexos de 10 e 14 anos.<\/p>\n<p>A viol\u00eancia entre pessoas e os ferimentos provocados por acidentes de tr\u00e2nsito s\u00e3o as principais causas de comprometimento da sa\u00fade de jovens de ambos os sexos que integram os grupos de 15 a 19 anos e de 20 a 24 anos. Em seguida, aparecem dores nas costas e no pesco\u00e7o, doen\u00e7as de pele como acne e dist\u00farbios depressivos.<\/p>\n<p>Entre os principais fatores de risco listados pela pesquisa est\u00e3o o abuso de \u00e1lcool, que representa o risco de morte n\u00famero um entre jovens do sexo masculino e feminino de 15 e 24 anos, e a viol\u00eancia provocada por parceiros, que representa o segundo principal risco de morte entre mulheres jovens de 15 a 24 anos.<\/p>\n<p>Paula Laboissi\u00e8re &#8211; Rep\u00f3rter da Ag\u00eancia Brasil<br \/>\nEdi\u00e7\u00e3o: Beto Coura<br \/>\n16\/05\/2016<\/p>\n","protected":false},"excerpt":{"rendered":"<p>Estudo in\u00e9dito conduzido pelo Institute for Health Metrics and Evaluation, da Universidade de Washington, revela que a viol\u00eancia entre pessoas, os acidentes de tr\u00e2nsito e a automutila\u00e7\u00e3o t\u00eam impacto substancial na vida de jovens brasileiros. A pesquisa faz parte de um levantamento sobre os principais motivos de morte ou de comprometimento da sa\u00fade entre adolescentes, [&hellip;]<\/p>\n","protected":false},"author":2,"featured_media":35207,"comment_status":"open","ping_status":"closed","sticky":false,"template":"","format":"standard","meta":{"tdm_status":"","tdm_grid_status":"","footnotes":""},"categories":[22],"tags":[],"class_list":{"0":"post-86259","1":"post","2":"type-post","3":"status-publish","4":"format-standard","5":"has-post-thumbnail","7":"category-brasil"},"_links":{"self":[{"href":"https:\/\/migracao.redenoticia.com.br\/noticia\/wp-json\/wp\/v2\/posts\/86259","targetHints":{"allow":["GET"]}}],"collection":[{"href":"https:\/\/migracao.redenoticia.com.br\/noticia\/wp-json\/wp\/v2\/posts"}],"about":[{"href":"https:\/\/migracao.redenoticia.com.br\/noticia\/wp-json\/wp\/v2\/types\/post"}],"author":[{"embeddable":true,"href":"https:\/\/migracao.redenoticia.com.br\/noticia\/wp-json\/wp\/v2\/users\/2"}],"replies":[{"embeddable":true,"href":"https:\/\/migracao.redenoticia.com.br\/noticia\/wp-json\/wp\/v2\/comments?post=86259"}],"version-history":[{"count":0,"href":"https:\/\/migracao.redenoticia.com.br\/noticia\/wp-json\/wp\/v2\/posts\/86259\/revisions"}],"wp:featuredmedia":[{"embeddable":true,"href":"https:\/\/migracao.redenoticia.com.br\/noticia\/wp-json\/wp\/v2\/media\/35207"}],"wp:attachment":[{"href":"https:\/\/migracao.redenoticia.com.br\/noticia\/wp-json\/wp\/v2\/media?parent=86259"}],"wp:term":[{"taxonomy":"category","embeddable":true,"href":"https:\/\/migracao.redenoticia.com.br\/noticia\/wp-json\/wp\/v2\/categories?post=86259"},{"taxonomy":"post_tag","embeddable":true,"href":"https:\/\/migracao.redenoticia.com.br\/noticia\/wp-json\/wp\/v2\/tags?post=86259"}],"curies":[{"name":"wp","href":"https:\/\/api.w.org\/{rel}","templated":true}]}}