{"id":86268,"date":"2016-05-16T10:47:27","date_gmt":"2016-05-16T13:47:27","guid":{"rendered":"http:\/\/www.redenoticia.com.br\/noticia\/?p=86268"},"modified":"2016-05-13T18:47:10","modified_gmt":"2016-05-13T21:47:10","slug":"exercicio-fisico-intenso-pode-antecipar-morte-de-celulas-do-sistema-imunologico","status":"publish","type":"post","link":"https:\/\/migracao.redenoticia.com.br\/noticia\/2016\/exercicio-fisico-intenso-pode-antecipar-morte-de-celulas-do-sistema-imunologico\/86268","title":{"rendered":"Exerc\u00edcio f\u00edsico intenso pode antecipar morte de c\u00e9lulas do sistema imunol\u00f3gico"},"content":{"rendered":"<p>Diego Freire \u00a0| \u00a0 Ag\u00eancia FAPESP \u2013 Pesquisadores descobriram que o <em><strong>exerc\u00edcio f\u00edsico<\/strong><\/em> intenso pode acelerar o processo de apoptose \u2013 a morte celular programada \u2013 dos neutr\u00f3filos, c\u00e9lulas do sistema imunol\u00f3gico. Importante para o equil\u00edbrio do funcionamento do organismo, a apoptose \u00e9 um mecanismo que deve ocorrer de forma ordenada \u2013 do contr\u00e1rio, h\u00e1 danos \u00e0 sa\u00fade, como quando c\u00e9lulas tumorais, que deveriam morrer naturalmente, persistem.<\/p>\n<p>\u201cV\u00e1rias c\u00e9lulas do nosso organismo est\u00e3o morrendo agora para que outras novas ocupem seu lugar. Assim ocorre com os neutr\u00f3filos, que t\u00eam um tempo desejado na corrente sangu\u00ednea porque novas c\u00e9lulas do tipo est\u00e3o continuamente sendo produzidas na medula \u00f3ssea, em um processo fisiol\u00f3gico equilibrado que \u00e9 prejudicado se a apoptose \u00e9 diminu\u00edda\u201d, disse Tania Cristina Pithon Curi, professora do Centro de Ci\u00eancias Biol\u00f3gicas e da Sa\u00fade da Universidade Cruzeiro do Sul (Unicsul) e participante do projeto \u201c\u201d, realizado com apoio da FAPESP.<\/p>\n<p>Os neutr\u00f3filos s\u00e3o um subgrupo dos leuc\u00f3citos, tamb\u00e9m chamados de gl\u00f3bulos brancos, c\u00e9lulas encontradas no sangue cuja fun\u00e7\u00e3o \u00e9 proteger o organismo contra agentes causadores de doen\u00e7as, como bact\u00e9rias. Quando h\u00e1 poucas dessas c\u00e9lulas o organismo fica mais sujeito a infec\u00e7\u00f5es \u2013 caso de um grupo de 12 triatletas que participaram da pesquisa.<\/p>\n<p>Logo ap\u00f3s cerca de quatro horas de prova e de percorrerem 21 quil\u00f4metros (km) a p\u00e9, 90 km de bicicleta e 2 km a nado, os atletas tiveram seu sangue coletado pelos pesquisadores em laborat\u00f3rios instalados sob tendas no local da competi\u00e7\u00e3o, em Ubatuba, no litoral paulista. Antes de competirem, todos haviam passado por exames de laborat\u00f3rio e avalia\u00e7\u00f5es da composi\u00e7\u00e3o corporal e da capacidade cardiorrespirat\u00f3ria.<\/p>\n<p>Os neutr\u00f3filos, tipo celular de interesse da pesquisa, foram isolados do sangue coletado. Em um cit\u00f4metro de fluxo, aparelho por meio do qual \u00e9 poss\u00edvel realizar an\u00e1lises de caracter\u00edsticas f\u00edsicas e qu\u00edmicas de uma c\u00e9lula, os pesquisadores avaliaram uma s\u00e9rie de par\u00e2metros relacionados \u00e0 apoptose dos neutr\u00f3filos.<\/p>\n<p>\u201cQuando a c\u00e9lula come\u00e7a a morrer por apoptose, um fosfolip\u00eddeo denominado fosfatidilserina, que est\u00e1 presente dentro da membrana celular, migra para a parte externa da membrana. N\u00f3s aplicamos na amostra uma subst\u00e2ncia que se liga a esse fosfolip\u00eddeo e emite uma fluoresc\u00eancia que \u00e9 detectada pelo cit\u00f4metro\u201d, disse Curi.<\/p>\n<p>\u201cTamb\u00e9m foram observadas outras caracter\u00edsticas t\u00edpicas da apoptose, como fragmenta\u00e7\u00e3o de DNA e altera\u00e7\u00f5es na mitoc\u00f4ndria celular, sugerindo a morte precoce da c\u00e9lula, cujo tempo de vida normal \u00e9 de aproximadamente 10 horas no sangue\u201d, disse.<\/p>\n<p>Alternativas terap\u00eauticas<\/p>\n<p>Diante da constata\u00e7\u00e3o da antecipa\u00e7\u00e3o da apoptose dos neutr\u00f3filos ap\u00f3s exerc\u00edcios f\u00edsicos intensos, os pesquisadores investigaram as poss\u00edveis causas do processo, correlacionando o aumento da autodestrui\u00e7\u00e3o das c\u00e9lulas com subst\u00e2ncias circulantes no plasma, como os \u00e1cidos graxos livres, compostos org\u00e2nicos produzidos quando as gorduras s\u00e3o quebradas.<\/p>\n<p>\u201cA pr\u00e1tica de exerc\u00edcio f\u00edsico aer\u00f3bio acarreta um aumento da lip\u00f3lise, processo de degrada\u00e7\u00e3o de lip\u00eddeos em glicerol e \u00e1cidos graxos, que s\u00e3o utilizados em maior quantidade como fonte de energia. A presen\u00e7a em grande quantidade desses \u00e1cidos graxos, provocada pela exacerba\u00e7\u00e3o da lip\u00f3lise, pode estar associada \u00e0 apoptose precoce dos neutr\u00f3filos\u201d, indicou Curi.<\/p>\n<p>Os pesquisadores trabalham tamb\u00e9m em alternativas terap\u00eauticas \u00e0 perda de neutr\u00f3filos por parte de atletas de alto rendimento.<\/p>\n<p>\u201cExerc\u00edcio f\u00edsico \u00e9 bom, importante, mas a intensidade e a frequ\u00eancia com que ele \u00e9 praticado, como mostrado pela pesquisa que constatou a apoptose precoce dos neutr\u00f3filos, podem ter impactos tanto positivos como negativos\u201d, disse Curi.<\/p>\n<p>\u201cAinda assim, n\u00e3o se pode simplesmente pedir a um atleta profissional que diminua suas atividades. Dessa forma, temos investigado estrat\u00e9gias de suplementa\u00e7\u00e3o para minimizar a antecipa\u00e7\u00e3o da apoptose, evitando que o atleta fique com seu sistema imunol\u00f3gico debilitado ap\u00f3s exerc\u00edcios intensos e mais vulner\u00e1vel a infec\u00e7\u00f5es, entre outros riscos\u201d, disse.<\/p>\n<p>Entre as suplementa\u00e7\u00f5es estudadas est\u00e1 a de glutamina, amino\u00e1cido livre que atua como nutriente para as c\u00e9lulas imunol\u00f3gicas.<\/p>\n<p>\u201cA glutamina \u00e9 um amino\u00e1cido n\u00e3o essencial, sendo produzido pelo organismo de acordo com a necessidade. Quando o atleta pratica exerc\u00edcio f\u00edsico em uma intensidade muito alta, a concentra\u00e7\u00e3o desse amino\u00e1cido pode ser reduzida no plasma, tornando importante sua suplementa\u00e7\u00e3o\u201d, disse Curi.<\/p>\n<p>\u201cN\u00f3s investigamos o efeito molecular desse amino\u00e1cido, que \u00e9 importante para a fun\u00e7\u00e3o de leuc\u00f3citos, e constatamos que linf\u00f3citos e mon\u00f3citos consomem altas taxas de glutamina. Os neutr\u00f3filos chegam a consumi-la mais do que a glicose, cuja taxa de consumo \u00e9 de 460 nanomoles\/hora\/mg de prote\u00edna, enquanto que a de glutamina \u00e9 de 770, quase o dobro\u201d, disse.<\/p>\n<p>Ainda de acordo com a pesquisadora, a glutamina pode ser respons\u00e1vel por \u201cmanter a maquinaria da c\u00e9lula funcionando adequadamente e acabando por modular a fun\u00e7\u00e3o celular e, eventualmente, evitar a apoptose\u201d.<\/p>\n","protected":false},"excerpt":{"rendered":"<p>Diego Freire \u00a0| \u00a0 Ag\u00eancia FAPESP \u2013 Pesquisadores descobriram que o exerc\u00edcio f\u00edsico intenso pode acelerar o processo de apoptose \u2013 a morte celular programada \u2013 dos neutr\u00f3filos, c\u00e9lulas do sistema imunol\u00f3gico. Importante para o equil\u00edbrio do funcionamento do organismo, a apoptose \u00e9 um mecanismo que deve ocorrer de forma ordenada \u2013 do contr\u00e1rio, h\u00e1 [&hellip;]<\/p>\n","protected":false},"author":2,"featured_media":21774,"comment_status":"open","ping_status":"closed","sticky":false,"template":"","format":"standard","meta":{"tdm_status":"","tdm_grid_status":"","footnotes":""},"categories":[22,5],"tags":[],"class_list":{"0":"post-86268","1":"post","2":"type-post","3":"status-publish","4":"format-standard","5":"has-post-thumbnail","7":"category-brasil","8":"category-saude-e-vida"},"_links":{"self":[{"href":"https:\/\/migracao.redenoticia.com.br\/noticia\/wp-json\/wp\/v2\/posts\/86268","targetHints":{"allow":["GET"]}}],"collection":[{"href":"https:\/\/migracao.redenoticia.com.br\/noticia\/wp-json\/wp\/v2\/posts"}],"about":[{"href":"https:\/\/migracao.redenoticia.com.br\/noticia\/wp-json\/wp\/v2\/types\/post"}],"author":[{"embeddable":true,"href":"https:\/\/migracao.redenoticia.com.br\/noticia\/wp-json\/wp\/v2\/users\/2"}],"replies":[{"embeddable":true,"href":"https:\/\/migracao.redenoticia.com.br\/noticia\/wp-json\/wp\/v2\/comments?post=86268"}],"version-history":[{"count":0,"href":"https:\/\/migracao.redenoticia.com.br\/noticia\/wp-json\/wp\/v2\/posts\/86268\/revisions"}],"wp:featuredmedia":[{"embeddable":true,"href":"https:\/\/migracao.redenoticia.com.br\/noticia\/wp-json\/wp\/v2\/media\/21774"}],"wp:attachment":[{"href":"https:\/\/migracao.redenoticia.com.br\/noticia\/wp-json\/wp\/v2\/media?parent=86268"}],"wp:term":[{"taxonomy":"category","embeddable":true,"href":"https:\/\/migracao.redenoticia.com.br\/noticia\/wp-json\/wp\/v2\/categories?post=86268"},{"taxonomy":"post_tag","embeddable":true,"href":"https:\/\/migracao.redenoticia.com.br\/noticia\/wp-json\/wp\/v2\/tags?post=86268"}],"curies":[{"name":"wp","href":"https:\/\/api.w.org\/{rel}","templated":true}]}}