{"id":8627,"date":"2009-08-14T15:41:07","date_gmt":"2009-08-14T19:41:07","guid":{"rendered":"http:\/\/www.redenoticia.com.br\/noticia\/?p=8627"},"modified":"2009-08-14T15:41:07","modified_gmt":"2009-08-14T19:41:07","slug":"bbb-priscila-pires-participa-de-noite-de-autografos-em-sao-bernardo-do-campo","status":"publish","type":"post","link":"https:\/\/migracao.redenoticia.com.br\/noticia\/2009\/bbb-priscila-pires-participa-de-noite-de-autografos-em-sao-bernardo-do-campo\/8627","title":{"rendered":"BBB Priscila Pires participa de noite de aut\u00f3grafos em S\u00e3o Bernardo do Campo"},"content":{"rendered":"<p>Capa da Revista Playboy faz evento na Padaria Brasileira. Na pr\u00f3xima ter\u00e7a-feira (18 de agosto) a partir das 19h, a BBB Priscila Pires estar\u00e1 em S\u00e3o Bernardo do Campo. Priscila, que \u00e9 a capa da edi\u00e7\u00e3o de anivers\u00e1rio da Playboy, participar\u00e1 de noite de aut\u00f3grafos na Padaria Brasileira de S\u00e3o Bernardo do Campo, rua Dr. Fl\u00e1quer, 639 &#8211; Centro.<\/p>\n<p>Este evento ser\u00e1 o \u00fanico no ABC e a Padaria Brasileira foi escolhida porque possui uma perfeita infraestrutura em termos de seguran\u00e7a e conforto, tanto para a modelo BBB Priscila Pires, quanto para os seus f\u00e3s e leitores. Al\u00e9m disso, a rede \u00e9 um dos maiores revendedores de revistas da Abril na regi\u00e3o.<\/p>\n<p>A Padaria Brasileira, que recebe a BBB Priscila Pires, \u00e9 a mais tradicional rede de padarias da regi\u00e3o do ABC Paulista e uma das maiores do Pa\u00eds, possui sede administrativa em Santo Andr\u00e9 (Vila Assun\u00e7\u00e3o) e completou em maio 56 anos de atividades. Hoje, a rede \u00e9 formada por quatro unidades pr\u00f3prias do tipo convencional e sete unidades franqueadas de bandeira Express.<\/p>\n","protected":false},"excerpt":{"rendered":"<p>Capa da Revista Playboy faz evento na Padaria Brasileira. Na pr\u00f3xima ter\u00e7a-feira (18 de agosto) a partir das 19h, a BBB Priscila Pires estar\u00e1 em S\u00e3o Bernardo do Campo. Priscila, que \u00e9 a capa da edi\u00e7\u00e3o de anivers\u00e1rio da Playboy, participar\u00e1 de noite de aut\u00f3grafos na Padaria Brasileira de S\u00e3o Bernardo do Campo, rua Dr. [&hellip;]<\/p>\n","protected":false},"author":3,"featured_media":0,"comment_status":"open","ping_status":"open","sticky":false,"template":"","format":"standard","meta":{"tdm_status":"","tdm_grid_status":"","footnotes":""},"categories":[22,343],"tags":[],"class_list":{"0":"post-8627","1":"post","2":"type-post","3":"status-publish","4":"format-standard","6":"category-brasil","7":"category-televisao"},"_links":{"self":[{"href":"https:\/\/migracao.redenoticia.com.br\/noticia\/wp-json\/wp\/v2\/posts\/8627","targetHints":{"allow":["GET"]}}],"collection":[{"href":"https:\/\/migracao.redenoticia.com.br\/noticia\/wp-json\/wp\/v2\/posts"}],"about":[{"href":"https:\/\/migracao.redenoticia.com.br\/noticia\/wp-json\/wp\/v2\/types\/post"}],"author":[{"embeddable":true,"href":"https:\/\/migracao.redenoticia.com.br\/noticia\/wp-json\/wp\/v2\/users\/3"}],"replies":[{"embeddable":true,"href":"https:\/\/migracao.redenoticia.com.br\/noticia\/wp-json\/wp\/v2\/comments?post=8627"}],"version-history":[{"count":0,"href":"https:\/\/migracao.redenoticia.com.br\/noticia\/wp-json\/wp\/v2\/posts\/8627\/revisions"}],"wp:attachment":[{"href":"https:\/\/migracao.redenoticia.com.br\/noticia\/wp-json\/wp\/v2\/media?parent=8627"}],"wp:term":[{"taxonomy":"category","embeddable":true,"href":"https:\/\/migracao.redenoticia.com.br\/noticia\/wp-json\/wp\/v2\/categories?post=8627"},{"taxonomy":"post_tag","embeddable":true,"href":"https:\/\/migracao.redenoticia.com.br\/noticia\/wp-json\/wp\/v2\/tags?post=8627"}],"curies":[{"name":"wp","href":"https:\/\/api.w.org\/{rel}","templated":true}]}}