{"id":86333,"date":"2016-05-16T15:07:18","date_gmt":"2016-05-16T18:07:18","guid":{"rendered":"http:\/\/www.redenoticia.com.br\/noticia\/?p=86333"},"modified":"2016-05-16T15:07:18","modified_gmt":"2016-05-16T18:07:18","slug":"novela-a-mentira-resumo-1705-veronica-faz-curativo-em-demetrio","status":"publish","type":"post","link":"https:\/\/migracao.redenoticia.com.br\/noticia\/2016\/novela-a-mentira-resumo-1705-veronica-faz-curativo-em-demetrio\/86333","title":{"rendered":"Novela \u201cA Mentira\u201d resumo 17\/05: Ver\u00f4nica faz curativo em Dem\u00e9trio"},"content":{"rendered":"<p> <img loading=\"lazy\" decoding=\"async\" class=\"alignleft size-thumbnail wp-image-83096\" src=\"https:\/\/migracao.redenoticia.com.br\/noticia\/imagens\/a_mentira_sbt_resumo_novela-150x112.jpg\" alt=\"a_mentira_sbt_resumo_novela\" width=\"150\" height=\"112\" srcset=\"https:\/\/migracao.redenoticia.com.br\/noticia\/imagens\/a_mentira_sbt_resumo_novela-150x112.jpg 150w, https:\/\/migracao.redenoticia.com.br\/noticia\/imagens\/a_mentira_sbt_resumo_novela-265x198.jpg 265w\" sizes=\"auto, (max-width: 150px) 100vw, 150px\" \/><strong><em>Novela \u201cA Mentira\u201d resumo 17\/05:<\/em><\/strong> durante o jantar, Jo\u00e3o arma um plano com Dem\u00e9trio e Ver\u00f4nica e diz para Virg\u00ednia que eles ir\u00e3o morar no campo e come\u00e7ar tudo do zero. Virg\u00ednia fica chocada e n\u00e3o aprova a ideia. No final do jantar, Dem\u00e9trio leva Ver\u00f4nica em casa, eles se beijam e se despedem. No dia seguinte, Dem\u00e9trio captura o mec\u00e2nico, porque ele mexe no carro de Jo\u00e3o. Eles lutam e Dem\u00e9trio se fere no bra\u00e7o. Ver\u00f4nica faz um curativo no marido, eles se aproximam e se beijam.<\/p>\n<p>No capitulo 037(*), novela \u201cA Mentira\u201d, ter\u00e7a-feira, 17 de maio \u2013 Jo\u00e3o arma um plano com Dem\u00e9trio e Ver\u00f4nica e diz para Virg\u00ednia que agora ir\u00e3o morar no campo e come\u00e7ar tudo do zero. Virg\u00ednia, \u00e9 claro, n\u00e3o gosta nada dessa ideia. No final do jantar Dem\u00e9trio leva Ver\u00f4nica em casa. Eles se beijam e se despedem. Miranda liga para Dem\u00e9trio e marcam um caf\u00e9 para o dia seguinte. Jandira briga com Gilda por causa de Jacinto. Irma conta a Padre Willians as torturas que sofre junto de Francisco. Sara convida Ver\u00f4nica para almo\u00e7ar em casa. O filho de Guilbert procura o investigador. <\/p>\n<p>Quer descobrir toda a verdade sobre a morte de seu pai. Ver\u00f4nica chega para o almo\u00e7o com Sara e Let\u00edcia. Chegam Teodoro, Jo\u00e3o e Dem\u00e9trio, este \u00faltimo traz flores. O pessoal da oce\u00e2nica quer levar o Pepe para a cl\u00ednica de recupera\u00e7\u00e3o de drogados. O mec\u00e2nico liga para Pepe e a especialista faz com que ele se recuse a falar com o mec\u00e2nico. No final do almo\u00e7o na casa dos Fernandes Negrete, Dem\u00e9trio se demite com Ver\u00f4nica. Ele vai embora. O Padre Willians leva as passagens de Gilda e Mocinha. Jacira fica furiosa pois acha que Jacinto vai embora. O Padre leva tamb\u00e9m a passagens de Irma, que vai fugir do marido. Ela foge de madrugada. <\/p>\n<p>Pepe pede ao especialista da Oce\u00e2nica que avise Carla para fugir e n\u00e3o dizer nada para o Santiago. Santiago pede ao capanga que encontre os dois de qualquer maneira. O capanga vigia a casa de Carla. Enquanto isso a especialista da Oce\u00e2nica diz a m\u00e3e de Carla que ela est\u00e1 correndo perigo. Jo\u00e3o diz a Virg\u00ednia que vai abrir m\u00e3o da fortuna do pai. Ela contrariada, aceita. Ver\u00f4nica e Jo\u00e3o chegam \u00e0 casa de Carla. Ver\u00f4nica pede que Carla abra o jogo e diga a ela toda a verdade e do que tem tanto medo. Dr. Francisco percebe que a esposa n\u00e3o est\u00e1, pensa que ela est\u00e1 com o padre fofocando. Dem\u00e9trio captura o mec\u00e2nico, porque ele est\u00e1 mexendo no carro de Jo\u00e3o. Lutam fortemente. Dem\u00e9trio se fere no bra\u00e7o. Ver\u00f4nica faz o curativo no bra\u00e7o dele, se aproximam e se beijam.<\/p>\n<p>(*) edi\u00e7\u00e3o do SBT, Novela \u201cA Mentira\u201d, sujeito a altera\u00e7\u00e3o de data e conte\u00fado.<\/p>\n","protected":false},"excerpt":{"rendered":"<p>Novela \u201cA Mentira\u201d resumo 17\/05: durante o jantar, Jo\u00e3o arma um plano com Dem\u00e9trio e Ver\u00f4nica e diz para Virg\u00ednia que eles ir\u00e3o morar no campo e come\u00e7ar tudo do zero. Virg\u00ednia fica chocada e n\u00e3o aprova a ideia. No final do jantar, Dem\u00e9trio leva Ver\u00f4nica em casa, eles se beijam e se despedem. No [&hellip;]<\/p>\n","protected":false},"author":2,"featured_media":83096,"comment_status":"open","ping_status":"closed","sticky":false,"template":"","format":"standard","meta":{"tdm_status":"","tdm_grid_status":"","footnotes":""},"categories":[379,372,343],"tags":[441],"class_list":{"0":"post-86333","1":"post","2":"type-post","3":"status-publish","4":"format-standard","5":"has-post-thumbnail","7":"category-novelas","8":"category-sbt","9":"category-televisao","10":"tag-resumo-do-dia"},"_links":{"self":[{"href":"https:\/\/migracao.redenoticia.com.br\/noticia\/wp-json\/wp\/v2\/posts\/86333","targetHints":{"allow":["GET"]}}],"collection":[{"href":"https:\/\/migracao.redenoticia.com.br\/noticia\/wp-json\/wp\/v2\/posts"}],"about":[{"href":"https:\/\/migracao.redenoticia.com.br\/noticia\/wp-json\/wp\/v2\/types\/post"}],"author":[{"embeddable":true,"href":"https:\/\/migracao.redenoticia.com.br\/noticia\/wp-json\/wp\/v2\/users\/2"}],"replies":[{"embeddable":true,"href":"https:\/\/migracao.redenoticia.com.br\/noticia\/wp-json\/wp\/v2\/comments?post=86333"}],"version-history":[{"count":0,"href":"https:\/\/migracao.redenoticia.com.br\/noticia\/wp-json\/wp\/v2\/posts\/86333\/revisions"}],"wp:featuredmedia":[{"embeddable":true,"href":"https:\/\/migracao.redenoticia.com.br\/noticia\/wp-json\/wp\/v2\/media\/83096"}],"wp:attachment":[{"href":"https:\/\/migracao.redenoticia.com.br\/noticia\/wp-json\/wp\/v2\/media?parent=86333"}],"wp:term":[{"taxonomy":"category","embeddable":true,"href":"https:\/\/migracao.redenoticia.com.br\/noticia\/wp-json\/wp\/v2\/categories?post=86333"},{"taxonomy":"post_tag","embeddable":true,"href":"https:\/\/migracao.redenoticia.com.br\/noticia\/wp-json\/wp\/v2\/tags?post=86333"}],"curies":[{"name":"wp","href":"https:\/\/api.w.org\/{rel}","templated":true}]}}