{"id":86339,"date":"2016-05-16T15:33:03","date_gmt":"2016-05-16T18:33:03","guid":{"rendered":"http:\/\/www.redenoticia.com.br\/noticia\/?p=86339"},"modified":"2016-05-16T15:33:03","modified_gmt":"2016-05-16T18:33:03","slug":"novela-abismo-da-paixao-resumo-1705-damiao-teme-magoar-gael","status":"publish","type":"post","link":"https:\/\/migracao.redenoticia.com.br\/noticia\/2016\/novela-abismo-da-paixao-resumo-1705-damiao-teme-magoar-gael\/86339","title":{"rendered":"Novela \u201cAbismo da Paix\u00e3o\u201d resumo 17\/05: Dami\u00e3o teme magoar Gael"},"content":{"rendered":"<p> <img loading=\"lazy\" decoding=\"async\" class=\"alignleft size-thumbnail wp-image-81978\" src=\"https:\/\/migracao.redenoticia.com.br\/noticia\/imagens\/abismo_de_paixao_sbt_resumo_novela-150x112.jpg\" alt=\"abismo_de_paixao_sbt_resumo_novela\" width=\"150\" height=\"112\" srcset=\"https:\/\/migracao.redenoticia.com.br\/noticia\/imagens\/abismo_de_paixao_sbt_resumo_novela-150x112.jpg 150w, https:\/\/migracao.redenoticia.com.br\/noticia\/imagens\/abismo_de_paixao_sbt_resumo_novela-265x198.jpg 265w\" sizes=\"auto, (max-width: 150px) 100vw, 150px\" \/><strong><em>Novela \u201cAbismo da Paix\u00e3o\u201d resumo 17\/05<\/em><\/strong>: Dami\u00e3o se declara a Elisa e diz que n\u00e3o ir\u00e1 perd\u00ea-la uma segunda vez. Depois, Dami\u00e3o procura Padre Lupe e diz que j\u00e1 confessou a Elisa que a ama. O Padre diz que eles ter\u00e3o muitos empecilhos, pois Almerinda, Augusto e Gael ir\u00e3o se opor a essa rela\u00e7\u00e3o. Dami\u00e3o diz ao Padre que sabe tudo que ele e Elisa ter\u00e3o que enfrentar, e o \u00fanico que o preocupa \u00e9 Gael, pois ele n\u00e3o queria machuc\u00e1-lo.<\/p>\n<p>No cap\u00edtulo 037 (*), novela \u201cAbismo da Paix\u00e3o\u201d, ter\u00e7a-feira, 17 de maio \u2013 Dami\u00e3o diz a Elisa que a ama, e que vai romper seu compromisso com Flor\u00eancia, Elisa responde que n\u00e3o o fa\u00e7a, porque a gente do povoado dir\u00e1 que ela seguiu o exemplo de sua m\u00e3e. Dami\u00e3o a garante que n\u00e3o ir\u00e1 perd\u00ea-la uma segunda vez, e est\u00e1 disposto a lutar contra tudo e com todos por seu amor. Elisa diz a Dolores que Dami\u00e3o a disse que a ama, e lutar\u00e1 at\u00e9 contra o mundo se for necess\u00e1rio, e tudo por seu amor. Dami\u00e3o diz ao Padre Lupe que j\u00e1 confessou a Elisa que a ama, e ela tamb\u00e9m o ama, o Padre diz que isso n\u00e3o o surpreende, mas que eles ter\u00e3o muitos empecilhos, pois Almerinda, Augusto e Gael ir\u00e3o se opor com for\u00e7a a essa rela\u00e7\u00e3o. Dami\u00e3o diz ao Padre que sabe tudo que ele e Elisa ter\u00e3o que enfrentar, e o \u00fanico que o preocupa \u00e9 Gael, pois ele n\u00e3o queria machuc\u00e1-lo. <\/p>\n<p>Dami\u00e3o termina sua rela\u00e7\u00e3o com Flor\u00eancia, ele o suplica que n\u00e3o a deixe, porque ela poderia morrer sem ele. Paulo chama Carmen, e ela se surpreende ao ver chegar Almerinda, que a diz que sabe que ela odeia Elisa, pois a jovem em tudo lembra Estef\u00e2nia. Almerinda e Carmen pensam em se unir para separarem de vez Elisa e Dami\u00e3o. Ramiro prop\u00f5e a Carmen que o d\u00ea a casa onde ela se via com Rog\u00e9rio, em troca das passagens de avi\u00e3o com os nomes dela e de Rog\u00e9rio, que comprovam que quem iria fugir era ela, e n\u00e3o Estef\u00e2nia. <\/p>\n<p>Carmen duvida que ele tenha as passagens, e Ramiro as mostra a Carmen. Carmen tenta peg\u00e1-las, mas Ramiro a diz que ela j\u00e1 sabe o pre\u00e7o. Paulo se surpreende ao ver Kenia, e finge dizendo que sentiu sua falta, ela o esbofeteia, e o revela que est\u00e1 esperando um filho dele, Paulo, covardemente, diz que n\u00e3o ser\u00e1 pai de ningu\u00e9m, e que Kenia busque outro ot\u00e1rio para assumir a crian\u00e7a. Dami\u00e3o procura Elisa e ela o rejeita, ela o diz que entre eles n\u00e3o pode haver nada, Dami\u00e3o a diz que n\u00e3o voltar\u00e1 a desistir dela. Dolores diz a Elisa que lute junte a Dami\u00e3o pelo amor que sentem, Elisa responde que ela tem raz\u00e3o. Flor\u00eancia vai atr\u00e1s de Elisa.<\/p>\n<p>(*) edi\u00e7\u00e3o do SBT, Novela \u201cAbismo da Paix\u00e3o\u201d, sujeito a altera\u00e7\u00e3o de data e conte\u00fado.<\/p>\n","protected":false},"excerpt":{"rendered":"<p>Novela \u201cAbismo da Paix\u00e3o\u201d resumo 17\/05: Dami\u00e3o se declara a Elisa e diz que n\u00e3o ir\u00e1 perd\u00ea-la uma segunda vez. Depois, Dami\u00e3o procura Padre Lupe e diz que j\u00e1 confessou a Elisa que a ama. O Padre diz que eles ter\u00e3o muitos empecilhos, pois Almerinda, Augusto e Gael ir\u00e3o se opor a essa rela\u00e7\u00e3o. Dami\u00e3o [&hellip;]<\/p>\n","protected":false},"author":2,"featured_media":81978,"comment_status":"open","ping_status":"closed","sticky":false,"template":"","format":"standard","meta":{"tdm_status":"","tdm_grid_status":"","footnotes":""},"categories":[379,372,343],"tags":[441],"class_list":{"0":"post-86339","1":"post","2":"type-post","3":"status-publish","4":"format-standard","5":"has-post-thumbnail","7":"category-novelas","8":"category-sbt","9":"category-televisao","10":"tag-resumo-do-dia"},"_links":{"self":[{"href":"https:\/\/migracao.redenoticia.com.br\/noticia\/wp-json\/wp\/v2\/posts\/86339","targetHints":{"allow":["GET"]}}],"collection":[{"href":"https:\/\/migracao.redenoticia.com.br\/noticia\/wp-json\/wp\/v2\/posts"}],"about":[{"href":"https:\/\/migracao.redenoticia.com.br\/noticia\/wp-json\/wp\/v2\/types\/post"}],"author":[{"embeddable":true,"href":"https:\/\/migracao.redenoticia.com.br\/noticia\/wp-json\/wp\/v2\/users\/2"}],"replies":[{"embeddable":true,"href":"https:\/\/migracao.redenoticia.com.br\/noticia\/wp-json\/wp\/v2\/comments?post=86339"}],"version-history":[{"count":0,"href":"https:\/\/migracao.redenoticia.com.br\/noticia\/wp-json\/wp\/v2\/posts\/86339\/revisions"}],"wp:featuredmedia":[{"embeddable":true,"href":"https:\/\/migracao.redenoticia.com.br\/noticia\/wp-json\/wp\/v2\/media\/81978"}],"wp:attachment":[{"href":"https:\/\/migracao.redenoticia.com.br\/noticia\/wp-json\/wp\/v2\/media?parent=86339"}],"wp:term":[{"taxonomy":"category","embeddable":true,"href":"https:\/\/migracao.redenoticia.com.br\/noticia\/wp-json\/wp\/v2\/categories?post=86339"},{"taxonomy":"post_tag","embeddable":true,"href":"https:\/\/migracao.redenoticia.com.br\/noticia\/wp-json\/wp\/v2\/tags?post=86339"}],"curies":[{"name":"wp","href":"https:\/\/api.w.org\/{rel}","templated":true}]}}