{"id":86345,"date":"2016-05-16T15:51:40","date_gmt":"2016-05-16T18:51:40","guid":{"rendered":"http:\/\/www.redenoticia.com.br\/noticia\/?p=86345"},"modified":"2016-05-16T15:51:40","modified_gmt":"2016-05-16T18:51:40","slug":"novela-anjo-mau-resumo-1705-nice-descobre-que-rodrigo-e-ligia-reataram","status":"publish","type":"post","link":"https:\/\/migracao.redenoticia.com.br\/noticia\/2016\/novela-anjo-mau-resumo-1705-nice-descobre-que-rodrigo-e-ligia-reataram\/86345","title":{"rendered":"Novela \u201cAnjo Mau\u201d resumo 17\/05: Nice descobre que Rodrigo e L\u00edgia reataram"},"content":{"rendered":"<p> <img loading=\"lazy\" decoding=\"async\" class=\"alignleft size-thumbnail wp-image-83094\" src=\"https:\/\/migracao.redenoticia.com.br\/noticia\/imagens\/anjo_mau_novela_resumo-150x112.jpg\" alt=\"anjo_mau_novela_resumo\" width=\"150\" height=\"112\" srcset=\"https:\/\/migracao.redenoticia.com.br\/noticia\/imagens\/anjo_mau_novela_resumo-150x112.jpg 150w, https:\/\/migracao.redenoticia.com.br\/noticia\/imagens\/anjo_mau_novela_resumo-265x198.jpg 265w\" sizes=\"auto, (max-width: 150px) 100vw, 150px\" \/><strong><em>Novela \u201cAnjo Mau\u201d resumo 17\/05<\/em><\/strong>: Rodrigo est\u00e1 revoltado e pede a Stela que demita a bab\u00e1. Tadeu diz a Rodrigo que ele \u00e9 culpado por ter estimulado a paix\u00e3o de Nice. Goreti, em conversa com L\u00edgia, pede a ela que defenda Nice. L\u00edgia procura Rodrigo e ele diz que est\u00e1 apaixonado por ela. Mais tarde, Rodrigo, L\u00edgia e T\u00e9o pedem a Nice que volte para a mans\u00e3o. Nice for\u00e7a um sorriso ao ver que o casal fez as pazes.<\/p>\n<p>No capitulo 037(*), novela \u201cAnjo Mau\u201d, ter\u00e7a-feira, 17 de maio \u2013 Helena fica furiosa com Nice. A bab\u00e1 percebe que Helena est\u00e1 apaixonada por J\u00falio. Tadeu diz a Rodrigo que ele \u00e9 culpado por ter estimulado a paix\u00e3o de Nice. Fred faz as pazes com Goreti. <\/p>\n<p>Teresa defende Nice e Paula fica intrigada com a m\u00e3e. Simone chama Tadeu de pai. Fred comunica a Cl\u00f4 e Elisinha que vai se casar com Goreti. Goreti pede a L\u00edgia que defenda Nice. <\/p>\n<p>L\u00edgia procura Rodrigo e ele diz que est\u00e1 apaixonado por ela. Goreti v\u00ea Fred com Teresa no restaurante. Rodrigo, L\u00edgia e T\u00e9o v\u00e3o pedir a Nice que volte para a mans\u00e3o. Nice for\u00e7a um sorriso ao ver que o casal fez as pazes.<\/p>\n<p>(*) edi\u00e7\u00e3o da Rede Globo, Novela \u201cAnjo Mau\u201d, sujeito a altera\u00e7\u00e3o de data e conte\u00fado.<\/p>\n","protected":false},"excerpt":{"rendered":"<p>Novela \u201cAnjo Mau\u201d resumo 17\/05: Rodrigo est\u00e1 revoltado e pede a Stela que demita a bab\u00e1. Tadeu diz a Rodrigo que ele \u00e9 culpado por ter estimulado a paix\u00e3o de Nice. Goreti, em conversa com L\u00edgia, pede a ela que defenda Nice. L\u00edgia procura Rodrigo e ele diz que est\u00e1 apaixonado por ela. Mais tarde, [&hellip;]<\/p>\n","protected":false},"author":2,"featured_media":83094,"comment_status":"open","ping_status":"closed","sticky":false,"template":"","format":"standard","meta":{"tdm_status":"","tdm_grid_status":"","footnotes":""},"categories":[379,375,343],"tags":[441],"class_list":{"0":"post-86345","1":"post","2":"type-post","3":"status-publish","4":"format-standard","5":"has-post-thumbnail","7":"category-novelas","8":"category-rede-globo","9":"category-televisao","10":"tag-resumo-do-dia"},"_links":{"self":[{"href":"https:\/\/migracao.redenoticia.com.br\/noticia\/wp-json\/wp\/v2\/posts\/86345","targetHints":{"allow":["GET"]}}],"collection":[{"href":"https:\/\/migracao.redenoticia.com.br\/noticia\/wp-json\/wp\/v2\/posts"}],"about":[{"href":"https:\/\/migracao.redenoticia.com.br\/noticia\/wp-json\/wp\/v2\/types\/post"}],"author":[{"embeddable":true,"href":"https:\/\/migracao.redenoticia.com.br\/noticia\/wp-json\/wp\/v2\/users\/2"}],"replies":[{"embeddable":true,"href":"https:\/\/migracao.redenoticia.com.br\/noticia\/wp-json\/wp\/v2\/comments?post=86345"}],"version-history":[{"count":0,"href":"https:\/\/migracao.redenoticia.com.br\/noticia\/wp-json\/wp\/v2\/posts\/86345\/revisions"}],"wp:featuredmedia":[{"embeddable":true,"href":"https:\/\/migracao.redenoticia.com.br\/noticia\/wp-json\/wp\/v2\/media\/83094"}],"wp:attachment":[{"href":"https:\/\/migracao.redenoticia.com.br\/noticia\/wp-json\/wp\/v2\/media?parent=86345"}],"wp:term":[{"taxonomy":"category","embeddable":true,"href":"https:\/\/migracao.redenoticia.com.br\/noticia\/wp-json\/wp\/v2\/categories?post=86345"},{"taxonomy":"post_tag","embeddable":true,"href":"https:\/\/migracao.redenoticia.com.br\/noticia\/wp-json\/wp\/v2\/tags?post=86345"}],"curies":[{"name":"wp","href":"https:\/\/api.w.org\/{rel}","templated":true}]}}