{"id":86350,"date":"2016-05-16T17:55:29","date_gmt":"2016-05-16T20:55:29","guid":{"rendered":"http:\/\/www.redenoticia.com.br\/noticia\/?p=86350"},"modified":"2016-05-16T15:57:47","modified_gmt":"2016-05-16T18:57:47","slug":"novela-meu-coracao-e-teu-resumo-1705-fotomontagem-causa-confusao","status":"publish","type":"post","link":"https:\/\/migracao.redenoticia.com.br\/noticia\/2016\/novela-meu-coracao-e-teu-resumo-1705-fotomontagem-causa-confusao\/86350","title":{"rendered":"Novela \u201cMeu Cora\u00e7\u00e3o \u00e9 Teu\u201d resumo 17\/05: fotomontagem causa confus\u00e3o"},"content":{"rendered":"<p> <img loading=\"lazy\" decoding=\"async\" class=\"alignleft size-thumbnail wp-image-82119\" src=\"https:\/\/migracao.redenoticia.com.br\/noticia\/imagens\/meu_coracao_e_teu_novela_resumo_sbt-150x112.jpg\" alt=\"meu_coracao_e_teu_novela_resumo_sbt\" width=\"150\" height=\"112\" srcset=\"https:\/\/migracao.redenoticia.com.br\/noticia\/imagens\/meu_coracao_e_teu_novela_resumo_sbt-150x112.jpg 150w, https:\/\/migracao.redenoticia.com.br\/noticia\/imagens\/meu_coracao_e_teu_novela_resumo_sbt-265x198.jpg 265w\" sizes=\"auto, (max-width: 150px) 100vw, 150px\" \/><strong><em>Novela \u201cMeu Cora\u00e7\u00e3o \u00e9 Teu\u201d resumo 17\/05<\/em><\/strong>: Henrique solta a fotomontagem de Ana e Fernando aos beijos na internet. Ana precisa dar muitas explica\u00e7\u00f5es a Diego, ainda que Isabela seja a mais violenta ao descobrir a fofoca. Linda exibe Fernando perante a junta diretiva do conselho da empresa como um homem imoral que manchou toda a reputa\u00e7\u00e3o da companhia e Fernando decide apresentar sua ren\u00fancia ao cargo de presidente. Fernando pede a Beatriz que redija sua carta de ren\u00fancia de cargo.<\/p>\n<p>No cap\u00edtulo 057(*), novela \u201cMeu Cora\u00e7\u00e3o \u00e9 Teu\u201d, ter\u00e7a-feira, 17 de maio \u2013 Nicolas diz a Jennifer que podem procurar uma maneira de que ela engravide, mas ela n\u00e3o aceita, eles agradecem Manuela por sua ajuda, e a dizem que j\u00e1 n\u00e3o \u00e9 mais necess\u00e1ria. Fanny est\u00e1 nervosa pelos acontecimentos na escola, e porque n\u00e3o tem visto Leon, que est\u00e1 cuidando de seu filho com varicela. <\/p>\n<p>Todos veem a foto montagem de Ana e Fernando aos beijos, e ela precisa dar muitas explica\u00e7\u00f5es \u00e1 Diego, ainda que Isabela seja a mais violenta ao descobrir a fofoca. Sete urina nos p\u00e9s de Isabela e ela se cala. Fernando tem que se explicar com Linda e o comit\u00ea da empresa por falta de moral, pelo motivo do esc\u00e2ndalo. Fernando decide renunciar a seu cargo. <\/p>\n<p>Linda exibe Fernando perante a junta diretiva do conselho da empresa como um homem imoral que manchou toda a reputa\u00e7\u00e3o da companhia e Fernando decide apresentar sua ren\u00fancia ao cargo de presidente. Fernando pede a Beatriz que redija sua carta de ren\u00fancia de cargo.<\/p>\n<p>(*) edi\u00e7\u00e3o do SBT, Novela \u201cMeu Cora\u00e7\u00e3o \u00e9 Teu\u201d, sujeito a altera\u00e7\u00e3o de data e conte\u00fado. <\/p>\n","protected":false},"excerpt":{"rendered":"<p>Novela \u201cMeu Cora\u00e7\u00e3o \u00e9 Teu\u201d resumo 17\/05: Henrique solta a fotomontagem de Ana e Fernando aos beijos na internet. Ana precisa dar muitas explica\u00e7\u00f5es a Diego, ainda que Isabela seja a mais violenta ao descobrir a fofoca. Linda exibe Fernando perante a junta diretiva do conselho da empresa como um homem imoral que manchou toda [&hellip;]<\/p>\n","protected":false},"author":2,"featured_media":82119,"comment_status":"open","ping_status":"closed","sticky":false,"template":"","format":"standard","meta":{"tdm_status":"","tdm_grid_status":"","footnotes":""},"categories":[379,372,343],"tags":[441],"class_list":{"0":"post-86350","1":"post","2":"type-post","3":"status-publish","4":"format-standard","5":"has-post-thumbnail","7":"category-novelas","8":"category-sbt","9":"category-televisao","10":"tag-resumo-do-dia"},"_links":{"self":[{"href":"https:\/\/migracao.redenoticia.com.br\/noticia\/wp-json\/wp\/v2\/posts\/86350","targetHints":{"allow":["GET"]}}],"collection":[{"href":"https:\/\/migracao.redenoticia.com.br\/noticia\/wp-json\/wp\/v2\/posts"}],"about":[{"href":"https:\/\/migracao.redenoticia.com.br\/noticia\/wp-json\/wp\/v2\/types\/post"}],"author":[{"embeddable":true,"href":"https:\/\/migracao.redenoticia.com.br\/noticia\/wp-json\/wp\/v2\/users\/2"}],"replies":[{"embeddable":true,"href":"https:\/\/migracao.redenoticia.com.br\/noticia\/wp-json\/wp\/v2\/comments?post=86350"}],"version-history":[{"count":0,"href":"https:\/\/migracao.redenoticia.com.br\/noticia\/wp-json\/wp\/v2\/posts\/86350\/revisions"}],"wp:featuredmedia":[{"embeddable":true,"href":"https:\/\/migracao.redenoticia.com.br\/noticia\/wp-json\/wp\/v2\/media\/82119"}],"wp:attachment":[{"href":"https:\/\/migracao.redenoticia.com.br\/noticia\/wp-json\/wp\/v2\/media?parent=86350"}],"wp:term":[{"taxonomy":"category","embeddable":true,"href":"https:\/\/migracao.redenoticia.com.br\/noticia\/wp-json\/wp\/v2\/categories?post=86350"},{"taxonomy":"post_tag","embeddable":true,"href":"https:\/\/migracao.redenoticia.com.br\/noticia\/wp-json\/wp\/v2\/tags?post=86350"}],"curies":[{"name":"wp","href":"https:\/\/api.w.org\/{rel}","templated":true}]}}