{"id":86352,"date":"2016-05-16T18:57:52","date_gmt":"2016-05-16T21:57:52","guid":{"rendered":"http:\/\/www.redenoticia.com.br\/noticia\/?p=86352"},"modified":"2016-05-16T16:00:32","modified_gmt":"2016-05-16T19:00:32","slug":"novela-cumplices-de-um-resgate-resumo-1705-padre-questiona-isabela","status":"publish","type":"post","link":"https:\/\/migracao.redenoticia.com.br\/noticia\/2016\/novela-cumplices-de-um-resgate-resumo-1705-padre-questiona-isabela\/86352","title":{"rendered":"Novela \u201cC\u00famplices de um Resgate\u201d resumo 17\/05: Padre questiona Isabela"},"content":{"rendered":"<p> <img loading=\"lazy\" decoding=\"async\" class=\"alignleft size-thumbnail wp-image-71351\" src=\"https:\/\/migracao.redenoticia.com.br\/noticia\/imagens\/cumplices_de_um_resgate_sbt_novela_resumo-150x112.jpg\" alt=\"cumplices_de_um_resgate_sbt_novela_resumo\" width=\"150\" height=\"112\" srcset=\"https:\/\/migracao.redenoticia.com.br\/noticia\/imagens\/cumplices_de_um_resgate_sbt_novela_resumo-150x112.jpg 150w, https:\/\/migracao.redenoticia.com.br\/noticia\/imagens\/cumplices_de_um_resgate_sbt_novela_resumo-265x198.jpg 265w\" sizes=\"auto, (max-width: 150px) 100vw, 150px\" \/><strong><em>Novela \u201cC\u00famplices de um Resgate\u201d resumo 17\/05<\/em><\/strong>: as aulas de canto com o Padre Lutero est\u00e3o a dar um bom resultado. Isabela conta para T\u00e9o que o padre disse que ela est\u00e1 cantando bem melhor. Na igreja, o Padre diz para Isabela confiar nele, pergunta quem \u00e9 ela e diz saber que ela n\u00e3o \u00e9 Manuela.<\/p>\n<p>No cap\u00edtulo 207(*), novela \u201cC\u00famplice de um Resgate\u201d, ter\u00e7a-feira, 17 de maio \u2013Ta\u00edsa se alia a Tomas para prejudicar Frederico. A mulher diz que n\u00e3o \u00e9 m\u00e1, apenas n\u00e3o gosta de ser usada. Pedro e Helena come\u00e7am a namorar. Ot\u00e1vio encontra os dois e deseja alegria para os dois. Omar vai at\u00e9 o centro do Vilarejo toca berrante durante a noite, mas foge quando todos aparecem, deixando parecer que foi Sabrina quem aprontou. <\/p>\n<p>Um touro levado por Omar fica na dire\u00e7\u00e3o de Sabrina. Andr\u00e9 coloca na internet o v\u00eddeo que fez de Meire e Dinho cantando na gravadora. Omar aparece e come\u00e7a a narrar com o desespero de Sabrina. O padre aparece e diz que a brincadeira parou por ali. Geraldo coloca o nome de Vicente em seus crimes. Jovens pedem para tirar fotos com Meire ap\u00f3s o v\u00eddeo fazer sucesso na internet. <\/p>\n<p>Fiorina e Giuseppe v\u00e3o at\u00e9 a cidade, na On-Enterprise. Isabela conta para T\u00e9o que o padre Lutero disse que ela est\u00e1 cantando bem melhor. Na igreja, o Padre diz para Isabela confiar nele, pergunta quem \u00e9 ela \u00e9 diz saber que ela n\u00e3o \u00e9 Manuela.<\/p>\n<p>(*) edi\u00e7\u00e3o do SBT, Novela \u201cC\u00famplices de um Resgate\u201d, sujeito a altera\u00e7\u00e3o de data e conte\u00fado.<\/p>\n","protected":false},"excerpt":{"rendered":"<p>Novela \u201cC\u00famplices de um Resgate\u201d resumo 17\/05: as aulas de canto com o Padre Lutero est\u00e3o a dar um bom resultado. Isabela conta para T\u00e9o que o padre disse que ela est\u00e1 cantando bem melhor. Na igreja, o Padre diz para Isabela confiar nele, pergunta quem \u00e9 ela e diz saber que ela n\u00e3o \u00e9 [&hellip;]<\/p>\n","protected":false},"author":2,"featured_media":71351,"comment_status":"open","ping_status":"closed","sticky":false,"template":"","format":"standard","meta":{"tdm_status":"","tdm_grid_status":"","footnotes":""},"categories":[379,372,343],"tags":[441],"class_list":{"0":"post-86352","1":"post","2":"type-post","3":"status-publish","4":"format-standard","5":"has-post-thumbnail","7":"category-novelas","8":"category-sbt","9":"category-televisao","10":"tag-resumo-do-dia"},"_links":{"self":[{"href":"https:\/\/migracao.redenoticia.com.br\/noticia\/wp-json\/wp\/v2\/posts\/86352","targetHints":{"allow":["GET"]}}],"collection":[{"href":"https:\/\/migracao.redenoticia.com.br\/noticia\/wp-json\/wp\/v2\/posts"}],"about":[{"href":"https:\/\/migracao.redenoticia.com.br\/noticia\/wp-json\/wp\/v2\/types\/post"}],"author":[{"embeddable":true,"href":"https:\/\/migracao.redenoticia.com.br\/noticia\/wp-json\/wp\/v2\/users\/2"}],"replies":[{"embeddable":true,"href":"https:\/\/migracao.redenoticia.com.br\/noticia\/wp-json\/wp\/v2\/comments?post=86352"}],"version-history":[{"count":0,"href":"https:\/\/migracao.redenoticia.com.br\/noticia\/wp-json\/wp\/v2\/posts\/86352\/revisions"}],"wp:featuredmedia":[{"embeddable":true,"href":"https:\/\/migracao.redenoticia.com.br\/noticia\/wp-json\/wp\/v2\/media\/71351"}],"wp:attachment":[{"href":"https:\/\/migracao.redenoticia.com.br\/noticia\/wp-json\/wp\/v2\/media?parent=86352"}],"wp:term":[{"taxonomy":"category","embeddable":true,"href":"https:\/\/migracao.redenoticia.com.br\/noticia\/wp-json\/wp\/v2\/categories?post=86352"},{"taxonomy":"post_tag","embeddable":true,"href":"https:\/\/migracao.redenoticia.com.br\/noticia\/wp-json\/wp\/v2\/tags?post=86352"}],"curies":[{"name":"wp","href":"https:\/\/api.w.org\/{rel}","templated":true}]}}