{"id":86362,"date":"2016-05-16T19:29:14","date_gmt":"2016-05-16T22:29:14","guid":{"rendered":"http:\/\/www.redenoticia.com.br\/noticia\/?p=86362"},"modified":"2016-05-16T16:31:48","modified_gmt":"2016-05-16T19:31:48","slug":"novela-totalmente-demais-resumo-1705-germano-escuta-conversa-de-rafael-e-lili","status":"publish","type":"post","link":"https:\/\/migracao.redenoticia.com.br\/noticia\/2016\/novela-totalmente-demais-resumo-1705-germano-escuta-conversa-de-rafael-e-lili\/86362","title":{"rendered":"Novela \u201cTotalmente Demais\u201d resumo 17\/05: Germano escuta conversa de Rafael e Lili"},"content":{"rendered":"<p> <strong><em><img loading=\"lazy\" decoding=\"async\" class=\"alignleft size-thumbnail wp-image-76581\" src=\"https:\/\/migracao.redenoticia.com.br\/noticia\/imagens\/totalmente_demais_novela_resumo_globo-150x112.jpg\" alt=\"totalmente_demais_novela_resumo_globo\" width=\"150\" height=\"112\" srcset=\"https:\/\/migracao.redenoticia.com.br\/noticia\/imagens\/totalmente_demais_novela_resumo_globo-150x112.jpg 150w, https:\/\/migracao.redenoticia.com.br\/noticia\/imagens\/totalmente_demais_novela_resumo_globo-265x198.jpg 265w\" sizes=\"auto, (max-width: 150px) 100vw, 150px\" \/>Novela \u201cTotalmente Demais\u201d resumo 17\/05<\/em><\/strong>: Cassandra est\u00e1 a fotografar e n\u00e3o para de tagarelar, como sempre, quando deixa escapar que Lili est\u00e1 gr\u00e1vida. Rafael fica surpreso e acredita que h\u00e1 grandes chances do filho ser dele. Desnorteado, Rafael vai \u00e0 casa de Lili, que fica furiosa ao saber que Cassandra espalhou a not\u00edcia de sua gravidez. Lili diz ao fot\u00f3grafo que vai fazer um exame para saber quem \u00e9 o pai do beb\u00ea e vai mant\u00ea-lo informado. Neste momento, Germano chega e escuta o rapaz falar da gravidez.<\/p>\n<p>No capitulo 164(*), novela \u201cTotalmente Demais\u201d, ter\u00e7a-feira, 17 de maio \u2013 Liara repreende Claudia por n\u00e3o contar a Carolina a verdade sobre Gabriel. Eliza diz a Jonatas que decidiu ir para Paris. <\/p>\n<p>Arthur prestigia Carolina na inaugura\u00e7\u00e3o de seu brech\u00f3. Leila resiste \u00e0 sedu\u00e7\u00e3o de Rafael. Ros\u00e2ngela surpreende ao n\u00e3o aceitar o pedido de casamento que Florisval lhe faz em p\u00fablico. <\/p>\n<p>Montanha e Maristela se beijam. Ros\u00e2ngela confessa aos filhos que n\u00e3o acredita em Florisval. Germano escuta Rafael falar com Lili sobre sua gravidez.<\/p>\n<p>(*) edi\u00e7\u00e3o da Rede Globo, Novela \u201cTotalmente Demais\u201d, sujeito a altera\u00e7\u00e3o de data e conte\u00fado.<\/p>\n","protected":false},"excerpt":{"rendered":"<p>Novela \u201cTotalmente Demais\u201d resumo 17\/05: Cassandra est\u00e1 a fotografar e n\u00e3o para de tagarelar, como sempre, quando deixa escapar que Lili est\u00e1 gr\u00e1vida. Rafael fica surpreso e acredita que h\u00e1 grandes chances do filho ser dele. Desnorteado, Rafael vai \u00e0 casa de Lili, que fica furiosa ao saber que Cassandra espalhou a not\u00edcia de sua [&hellip;]<\/p>\n","protected":false},"author":2,"featured_media":77339,"comment_status":"open","ping_status":"closed","sticky":false,"template":"","format":"standard","meta":{"tdm_status":"","tdm_grid_status":"","footnotes":""},"categories":[379,375,343],"tags":[441],"class_list":{"0":"post-86362","1":"post","2":"type-post","3":"status-publish","4":"format-standard","5":"has-post-thumbnail","7":"category-novelas","8":"category-rede-globo","9":"category-televisao","10":"tag-resumo-do-dia"},"_links":{"self":[{"href":"https:\/\/migracao.redenoticia.com.br\/noticia\/wp-json\/wp\/v2\/posts\/86362","targetHints":{"allow":["GET"]}}],"collection":[{"href":"https:\/\/migracao.redenoticia.com.br\/noticia\/wp-json\/wp\/v2\/posts"}],"about":[{"href":"https:\/\/migracao.redenoticia.com.br\/noticia\/wp-json\/wp\/v2\/types\/post"}],"author":[{"embeddable":true,"href":"https:\/\/migracao.redenoticia.com.br\/noticia\/wp-json\/wp\/v2\/users\/2"}],"replies":[{"embeddable":true,"href":"https:\/\/migracao.redenoticia.com.br\/noticia\/wp-json\/wp\/v2\/comments?post=86362"}],"version-history":[{"count":0,"href":"https:\/\/migracao.redenoticia.com.br\/noticia\/wp-json\/wp\/v2\/posts\/86362\/revisions"}],"wp:featuredmedia":[{"embeddable":true,"href":"https:\/\/migracao.redenoticia.com.br\/noticia\/wp-json\/wp\/v2\/media\/77339"}],"wp:attachment":[{"href":"https:\/\/migracao.redenoticia.com.br\/noticia\/wp-json\/wp\/v2\/media?parent=86362"}],"wp:term":[{"taxonomy":"category","embeddable":true,"href":"https:\/\/migracao.redenoticia.com.br\/noticia\/wp-json\/wp\/v2\/categories?post=86362"},{"taxonomy":"post_tag","embeddable":true,"href":"https:\/\/migracao.redenoticia.com.br\/noticia\/wp-json\/wp\/v2\/tags?post=86362"}],"curies":[{"name":"wp","href":"https:\/\/api.w.org\/{rel}","templated":true}]}}