{"id":86366,"date":"2016-05-17T21:06:28","date_gmt":"2016-05-18T00:06:28","guid":{"rendered":"http:\/\/www.redenoticia.com.br\/noticia\/?p=86366"},"modified":"2016-05-17T15:37:35","modified_gmt":"2016-05-17T18:37:35","slug":"novela-velho-chico-resumo-1805-martim-procura-padre-benicio","status":"publish","type":"post","link":"https:\/\/migracao.redenoticia.com.br\/noticia\/2016\/novela-velho-chico-resumo-1805-martim-procura-padre-benicio\/86366","title":{"rendered":"Novela \u201cVelho Chico\u201d resumo 18\/05: Martim procura Padre Ben\u00edcio"},"content":{"rendered":"<p> <img loading=\"lazy\" decoding=\"async\" class=\"alignleft size-thumbnail wp-image-82169\" src=\"https:\/\/migracao.redenoticia.com.br\/noticia\/imagens\/velho_chico_novela_resumo_globo-150x112.jpg\" alt=\"velho_chico_novela_resumo_globo\" width=\"150\" height=\"112\" srcset=\"https:\/\/migracao.redenoticia.com.br\/noticia\/imagens\/velho_chico_novela_resumo_globo-150x112.jpg 150w, https:\/\/migracao.redenoticia.com.br\/noticia\/imagens\/velho_chico_novela_resumo_globo-265x198.jpg 265w\" sizes=\"auto, (max-width: 150px) 100vw, 150px\" \/><strong><em>Novela \u201cVelho Chico\u201d resumo 18\/05<\/em><\/strong>: Martim tem um sonho perturbador. Ele fica incomodado com as vozes que ouve pelo s\u00edtio e procura um senhor, com quem fez amizade, para saber o significado dos sons. O velho instrumentista garante que s\u00e3o as almas que pagam penit\u00eancia. Martim questiona a teoria e o amigo assegura que os esp\u00edritos dos av\u00f3s est\u00e3o presos \u00e0 propriedade. Martim procura Padre Ben\u00edcio.<\/p>\n<p>No capitulo 057(*), novela \u201cVelho Chico\u201d, quarta-feira, 18 de maio \u2013 Martim tem um sonho perturbador. Santo e Bento ficam admirados com os cooperados. Encarna\u00e7\u00e3o conta a Padre Ben\u00edcio que tem sonhado muito com Martim. <\/p>\n<p>Iolanda acredita que Encarna\u00e7\u00e3o teve uma premoni\u00e7\u00e3o com o neto e reza pedindo a volta de Martim. Afr\u00e2nio afirma a Tereza que Miguel ir\u00e1 assumir seu lugar como coronel. <\/p>\n<p>Lucas elogia Isabel para Santo para disfar\u00e7ar seu interesse por Ol\u00edvia. Tereza tenta convencer Afr\u00e2nio a apoiar a candidatura de Carlos Eduardo. Martim procura Padre Ben\u00edcio.<\/p>\n<p>(*) edi\u00e7\u00e3o da Rede Globo, Novela \u201cVelho Chico\u201d, sujeito a altera\u00e7\u00e3o de data e conte\u00fado. <\/p>\n","protected":false},"excerpt":{"rendered":"<p>Novela \u201cVelho Chico\u201d resumo 18\/05: Martim tem um sonho perturbador. Ele fica incomodado com as vozes que ouve pelo s\u00edtio e procura um senhor, com quem fez amizade, para saber o significado dos sons. O velho instrumentista garante que s\u00e3o as almas que pagam penit\u00eancia. Martim questiona a teoria e o amigo assegura que os [&hellip;]<\/p>\n","protected":false},"author":2,"featured_media":82169,"comment_status":"open","ping_status":"closed","sticky":false,"template":"","format":"standard","meta":{"tdm_status":"","tdm_grid_status":"","footnotes":""},"categories":[379,375,343],"tags":[441],"class_list":{"0":"post-86366","1":"post","2":"type-post","3":"status-publish","4":"format-standard","5":"has-post-thumbnail","7":"category-novelas","8":"category-rede-globo","9":"category-televisao","10":"tag-resumo-do-dia"},"_links":{"self":[{"href":"https:\/\/migracao.redenoticia.com.br\/noticia\/wp-json\/wp\/v2\/posts\/86366","targetHints":{"allow":["GET"]}}],"collection":[{"href":"https:\/\/migracao.redenoticia.com.br\/noticia\/wp-json\/wp\/v2\/posts"}],"about":[{"href":"https:\/\/migracao.redenoticia.com.br\/noticia\/wp-json\/wp\/v2\/types\/post"}],"author":[{"embeddable":true,"href":"https:\/\/migracao.redenoticia.com.br\/noticia\/wp-json\/wp\/v2\/users\/2"}],"replies":[{"embeddable":true,"href":"https:\/\/migracao.redenoticia.com.br\/noticia\/wp-json\/wp\/v2\/comments?post=86366"}],"version-history":[{"count":0,"href":"https:\/\/migracao.redenoticia.com.br\/noticia\/wp-json\/wp\/v2\/posts\/86366\/revisions"}],"wp:featuredmedia":[{"embeddable":true,"href":"https:\/\/migracao.redenoticia.com.br\/noticia\/wp-json\/wp\/v2\/media\/82169"}],"wp:attachment":[{"href":"https:\/\/migracao.redenoticia.com.br\/noticia\/wp-json\/wp\/v2\/media?parent=86366"}],"wp:term":[{"taxonomy":"category","embeddable":true,"href":"https:\/\/migracao.redenoticia.com.br\/noticia\/wp-json\/wp\/v2\/categories?post=86366"},{"taxonomy":"post_tag","embeddable":true,"href":"https:\/\/migracao.redenoticia.com.br\/noticia\/wp-json\/wp\/v2\/tags?post=86366"}],"curies":[{"name":"wp","href":"https:\/\/api.w.org\/{rel}","templated":true}]}}