{"id":86390,"date":"2016-05-17T10:46:12","date_gmt":"2016-05-17T13:46:12","guid":{"rendered":"http:\/\/www.redenoticia.com.br\/noticia\/?p=86390"},"modified":"2016-05-16T17:47:15","modified_gmt":"2016-05-16T20:47:15","slug":"sao-paulo-tem-69-mortes-por-h1n1-em-2016","status":"publish","type":"post","link":"https:\/\/migracao.redenoticia.com.br\/noticia\/2016\/sao-paulo-tem-69-mortes-por-h1n1-em-2016\/86390","title":{"rendered":"S\u00e3o Paulo tem 69 mortes por H1N1 em 2016"},"content":{"rendered":"<p> A cidade de S\u00e3o Paulo registrou 3.182 casos de s\u00edndrome respirat\u00f3ria aguda grave (SRAG) desde o in\u00edcio do ano, com 167 mortes. Segunda a Secretaria Municipal de Sa\u00fade, do total de casos, 509 foram causados pela <strong><em>gripe A \u2013 H1N1<\/em><\/strong>, respons\u00e1vel por 69 das mortes.<\/p>\n<p>Na \u00faltima semana, foi registrada uma redu\u00e7\u00e3o na evolu\u00e7\u00e3o da circula\u00e7\u00e3o dos v\u00edrus na capital paulista. Os casos de SRGA ca\u00edram de 691, na 14\u00aa semana epidemiol\u00f3gica, para 413 na 16\u00aa semana, que se encerrou no \u00faltimo dia 10. Os hospitais da rede municipal atenderam a 228,7 mil pessoas com sintomas de gripe na \u00faltima semana, contra 262,1 mil na 14\u00aa semana.<\/p>\n<p>A secretaria informou ainda que com a distribui\u00e7\u00e3o de 3,12 milh\u00e3o de doses, atingiu 99,3% do p\u00fablico-alvo da campanha de vacina\u00e7\u00e3o deste ano. A imuniza\u00e7\u00e3o est\u00e1 destinada a crian\u00e7as maiores de 6 meses e menores de 5 anos, gestantes, mulheres que deram \u00e0 luz h\u00e1 menos de 45 dias, ind\u00edgenas, idosos e profissionais da sa\u00fade. Em 2015, receberam a vacina 81,72% dessas pessoas.<\/p>\n<p>Estado<\/p>\n<p>O estado de S\u00e3o Paulo teve, desde o in\u00edcio do ano, 11,2 mil casos de s\u00edndrome respirat\u00f3ria aguda grave (SRAG), ocasionando 764 mortes. Segundo os dados divulgados pelo Centro de Vigil\u00e2ncia Epidemiol\u00f3gica do estado, a gripe A \u2013 H1N1 causou 1.130 desses casos, levando 202 pessoas \u00e0 morte.<\/p>\n<p>As ocorr\u00eancias da doen\u00e7a est\u00e3o distribu\u00eddas por 169 munic\u00edpios. No entanto, 618 (54,7%) das infec\u00e7\u00f5es por H1N1 ocorreram na Grande S\u00e3o Paulo, que tamb\u00e9m teve 50,5% das mortes (102 casos).<\/p>\n<p>Entre as v\u00edtimas, 36 eram gestantes n\u00e3o vacinadas e 133 tinham outras doen\u00e7as que debilitam o paciente, como as cardiovasculares, o diabetes, a pneumopatia e a obesidade.<\/p>\n<p>Daniel Mello &#8211; Rep\u00f3rter da Ag\u00eancia Brasil<br \/>\nEdi\u00e7\u00e3o: Gra\u00e7a Adjuto<br \/>\n17\/05\/2016<\/p>\n","protected":false},"excerpt":{"rendered":"<p>A cidade de S\u00e3o Paulo registrou 3.182 casos de s\u00edndrome respirat\u00f3ria aguda grave (SRAG) desde o in\u00edcio do ano, com 167 mortes. Segunda a Secretaria Municipal de Sa\u00fade, do total de casos, 509 foram causados pela gripe A \u2013 H1N1, respons\u00e1vel por 69 das mortes. Na \u00faltima semana, foi registrada uma redu\u00e7\u00e3o na evolu\u00e7\u00e3o da [&hellip;]<\/p>\n","protected":false},"author":2,"featured_media":37376,"comment_status":"open","ping_status":"closed","sticky":false,"template":"","format":"standard","meta":{"tdm_status":"","tdm_grid_status":"","footnotes":""},"categories":[22,5],"tags":[],"class_list":{"0":"post-86390","1":"post","2":"type-post","3":"status-publish","4":"format-standard","5":"has-post-thumbnail","7":"category-brasil","8":"category-saude-e-vida"},"_links":{"self":[{"href":"https:\/\/migracao.redenoticia.com.br\/noticia\/wp-json\/wp\/v2\/posts\/86390","targetHints":{"allow":["GET"]}}],"collection":[{"href":"https:\/\/migracao.redenoticia.com.br\/noticia\/wp-json\/wp\/v2\/posts"}],"about":[{"href":"https:\/\/migracao.redenoticia.com.br\/noticia\/wp-json\/wp\/v2\/types\/post"}],"author":[{"embeddable":true,"href":"https:\/\/migracao.redenoticia.com.br\/noticia\/wp-json\/wp\/v2\/users\/2"}],"replies":[{"embeddable":true,"href":"https:\/\/migracao.redenoticia.com.br\/noticia\/wp-json\/wp\/v2\/comments?post=86390"}],"version-history":[{"count":0,"href":"https:\/\/migracao.redenoticia.com.br\/noticia\/wp-json\/wp\/v2\/posts\/86390\/revisions"}],"wp:featuredmedia":[{"embeddable":true,"href":"https:\/\/migracao.redenoticia.com.br\/noticia\/wp-json\/wp\/v2\/media\/37376"}],"wp:attachment":[{"href":"https:\/\/migracao.redenoticia.com.br\/noticia\/wp-json\/wp\/v2\/media?parent=86390"}],"wp:term":[{"taxonomy":"category","embeddable":true,"href":"https:\/\/migracao.redenoticia.com.br\/noticia\/wp-json\/wp\/v2\/categories?post=86390"},{"taxonomy":"post_tag","embeddable":true,"href":"https:\/\/migracao.redenoticia.com.br\/noticia\/wp-json\/wp\/v2\/tags?post=86390"}],"curies":[{"name":"wp","href":"https:\/\/api.w.org\/{rel}","templated":true}]}}