{"id":86441,"date":"2016-05-17T19:25:28","date_gmt":"2016-05-17T22:25:28","guid":{"rendered":"http:\/\/www.redenoticia.com.br\/noticia\/?p=86441"},"modified":"2016-05-17T15:31:26","modified_gmt":"2016-05-17T18:31:26","slug":"novela-totalmente-demais-resumo-1805-lili-diz-que-germano-e-o-pai-do-bebe","status":"publish","type":"post","link":"https:\/\/migracao.redenoticia.com.br\/noticia\/2016\/novela-totalmente-demais-resumo-1805-lili-diz-que-germano-e-o-pai-do-bebe\/86441","title":{"rendered":"Novela \u201cTotalmente Demais\u201d resumo 18\/05: Lili diz que Germano \u00e9 o pai do beb\u00ea"},"content":{"rendered":"<p> <strong><em><img loading=\"lazy\" decoding=\"async\" class=\"alignleft size-thumbnail wp-image-76581\" src=\"https:\/\/migracao.redenoticia.com.br\/noticia\/imagens\/totalmente_demais_novela_resumo_globo-150x112.jpg\" alt=\"totalmente_demais_novela_resumo_globo\" width=\"150\" height=\"112\" srcset=\"https:\/\/migracao.redenoticia.com.br\/noticia\/imagens\/totalmente_demais_novela_resumo_globo-150x112.jpg 150w, https:\/\/migracao.redenoticia.com.br\/noticia\/imagens\/totalmente_demais_novela_resumo_globo-265x198.jpg 265w\" sizes=\"auto, (max-width: 150px) 100vw, 150px\" \/>Novela \u201cTotalmente Demais\u201d resumo 18\/05<\/em><\/strong>: Rafael fica surpreso ao descobrir por Cassandra que Lili est\u00e1 gr\u00e1vida. Desnorteado, ele vai \u00e0 casa de Lili. Ela diz a Rafael que vai fazer um exame para saber quem \u00e9 o pai do beb\u00ea. Germano chega a tempo de escutar o fim da conversa entre Lili e Rafael, mas, sem ser percebido pela mulher, volta atordoado para o escrit\u00f3rio. Germano encontra com Fabinho e, ap\u00f3s escutar as palavras do filho, resolve voltar para casa e afirma a Lili que a ama e que vai cuidar do beb\u00ea que espera, mesmo que n\u00e3o seja seu filho biol\u00f3gico. Emocionada, Lili diz que ele \u00e9 o pai do beb\u00ea.<\/p>\n<p>No capitulo 165(*), novela \u201cTotalmente Demais\u201d, quarta-feira, 18 de maio \u2013 Germano fica desnorteado com a not\u00edcia de que Lili est\u00e1 gr\u00e1vida e com a possibilidade de o filho ser de Rafael. <\/p>\n<p>Carlinhos furta o dinheiro de Gilda. Gilda diz a Hugo que s\u00f3 Riscado sabia onde o dinheiro estava e acusa o rapaz de roubo. Ros\u00e2ngela diz a Florisval que foi covarde e pede o motorista em casamento. <\/p>\n<p>Germano afirma a Lili que a ama e que cuidar\u00e1 do beb\u00ea que espera mesmo que n\u00e3o seja seu filho biol\u00f3gico.<\/p>\n<p>(*) edi\u00e7\u00e3o da Rede Globo, Novela \u201cTotalmente Demais\u201d, sujeito a altera\u00e7\u00e3o de data e conte\u00fado.<\/p>\n","protected":false},"excerpt":{"rendered":"<p>Novela \u201cTotalmente Demais\u201d resumo 18\/05: Rafael fica surpreso ao descobrir por Cassandra que Lili est\u00e1 gr\u00e1vida. Desnorteado, ele vai \u00e0 casa de Lili. Ela diz a Rafael que vai fazer um exame para saber quem \u00e9 o pai do beb\u00ea. Germano chega a tempo de escutar o fim da conversa entre Lili e Rafael, mas, [&hellip;]<\/p>\n","protected":false},"author":2,"featured_media":77340,"comment_status":"open","ping_status":"closed","sticky":false,"template":"","format":"standard","meta":{"tdm_status":"","tdm_grid_status":"","footnotes":""},"categories":[379,375,343],"tags":[441],"class_list":{"0":"post-86441","1":"post","2":"type-post","3":"status-publish","4":"format-standard","5":"has-post-thumbnail","7":"category-novelas","8":"category-rede-globo","9":"category-televisao","10":"tag-resumo-do-dia"},"_links":{"self":[{"href":"https:\/\/migracao.redenoticia.com.br\/noticia\/wp-json\/wp\/v2\/posts\/86441","targetHints":{"allow":["GET"]}}],"collection":[{"href":"https:\/\/migracao.redenoticia.com.br\/noticia\/wp-json\/wp\/v2\/posts"}],"about":[{"href":"https:\/\/migracao.redenoticia.com.br\/noticia\/wp-json\/wp\/v2\/types\/post"}],"author":[{"embeddable":true,"href":"https:\/\/migracao.redenoticia.com.br\/noticia\/wp-json\/wp\/v2\/users\/2"}],"replies":[{"embeddable":true,"href":"https:\/\/migracao.redenoticia.com.br\/noticia\/wp-json\/wp\/v2\/comments?post=86441"}],"version-history":[{"count":0,"href":"https:\/\/migracao.redenoticia.com.br\/noticia\/wp-json\/wp\/v2\/posts\/86441\/revisions"}],"wp:featuredmedia":[{"embeddable":true,"href":"https:\/\/migracao.redenoticia.com.br\/noticia\/wp-json\/wp\/v2\/media\/77340"}],"wp:attachment":[{"href":"https:\/\/migracao.redenoticia.com.br\/noticia\/wp-json\/wp\/v2\/media?parent=86441"}],"wp:term":[{"taxonomy":"category","embeddable":true,"href":"https:\/\/migracao.redenoticia.com.br\/noticia\/wp-json\/wp\/v2\/categories?post=86441"},{"taxonomy":"post_tag","embeddable":true,"href":"https:\/\/migracao.redenoticia.com.br\/noticia\/wp-json\/wp\/v2\/tags?post=86441"}],"curies":[{"name":"wp","href":"https:\/\/api.w.org\/{rel}","templated":true}]}}