{"id":86443,"date":"2016-05-18T22:18:48","date_gmt":"2016-05-19T01:18:48","guid":{"rendered":"http:\/\/www.redenoticia.com.br\/noticia\/?p=86443"},"modified":"2016-05-18T17:18:16","modified_gmt":"2016-05-18T20:18:16","slug":"novela-liberdade-liberdade-resumo-1905-omar-da-ordem-de-prisao-a-xavier","status":"publish","type":"post","link":"https:\/\/migracao.redenoticia.com.br\/noticia\/2016\/novela-liberdade-liberdade-resumo-1905-omar-da-ordem-de-prisao-a-xavier\/86443","title":{"rendered":"Novela \u201cLiberdade, Liberdade\u201d resumo 19\/05: Omar d\u00e1 ordem de pris\u00e3o a Xavier"},"content":{"rendered":"<p> <img loading=\"lazy\" decoding=\"async\" class=\"alignleft size-thumbnail wp-image-84052\" src=\"https:\/\/migracao.redenoticia.com.br\/noticia\/imagens\/novela_liberdade_globo_resumo-150x112.jpg\" alt=\"novela_liberdade_globo_resumo\" width=\"150\" height=\"112\" srcset=\"https:\/\/migracao.redenoticia.com.br\/noticia\/imagens\/novela_liberdade_globo_resumo-150x112.jpg 150w, https:\/\/migracao.redenoticia.com.br\/noticia\/imagens\/novela_liberdade_globo_resumo-265x198.jpg 265w\" sizes=\"auto, (max-width: 150px) 100vw, 150px\" \/><strong><em>Novela \u201cLiberdade, Liberdade\u201d resumo 19\/05<\/em><\/strong>: Joaquina\/Rosa participa da reuni\u00e3o dos inconfidentes a convite de Virg\u00ednia e tenta disfar\u00e7ar o quanto ficou surpresa ao ver Xavier entre os revolucion\u00e1rios. Os dois se olham sem acreditar no encontro. Enquanto isso, Padre Vizeu discursa para motivar seus companheiros de luta e destaca a dedica\u00e7\u00e3o de Xavier com a causa dos rebeldes. Joaquina\/Rosa fica ainda mais impressionada com o rapaz. Enquanto isso, Omara espiona a reuni\u00e3o e fica perplexo ao ver Xavier. Mais tarde, Omar d\u00e1 ordem de pris\u00e3o a Xavier, revelando que \u00e9 um coronel com a miss\u00e3o de prender conspiradores.<\/p>\n<p>No capitulo 023 (*), novela \u201cLiberdade, Liberdade\u201d, quinta-feira, 19 de maio \u2013 Virg\u00ednia tenta conter a discuss\u00e3o entre Rosa\/Joaquina e Xavier. Omar espiona a reuni\u00e3o dos conspiradores e fica perplexo ao ver Xavier. <\/p>\n<p>Rosa\/Joaquina pergunta a Virg\u00ednia se ela acredita que Raposo seja o delator de Tiradentes. Caju conta a M\u00e3o de Luva que Naziazeno assumiu seu lugar. M\u00e3o de Luva pede ajuda a Raposo para retomar seu bando. <\/p>\n<p>Dion\u00edsia fica assustada ao ver a navalha de seu ex-marido em cima da mesa. Omar d\u00e1 ordem de pris\u00e3o a Xavier, revelando que \u00e9 um coronel com a miss\u00e3o de prender conspiradores.<\/p>\n<p>(*) edi\u00e7\u00e3o da Rede Globo, Novela \u201cLiberdade, Liberdade\u201d, sujeito a altera\u00e7\u00e3o de data e conte\u00fado.<\/p>\n","protected":false},"excerpt":{"rendered":"<p>Novela \u201cLiberdade, Liberdade\u201d resumo 19\/05: Joaquina\/Rosa participa da reuni\u00e3o dos inconfidentes a convite de Virg\u00ednia e tenta disfar\u00e7ar o quanto ficou surpresa ao ver Xavier entre os revolucion\u00e1rios. Os dois se olham sem acreditar no encontro. Enquanto isso, Padre Vizeu discursa para motivar seus companheiros de luta e destaca a dedica\u00e7\u00e3o de Xavier com a [&hellip;]<\/p>\n","protected":false},"author":2,"featured_media":84052,"comment_status":"open","ping_status":"closed","sticky":false,"template":"","format":"standard","meta":{"tdm_status":"","tdm_grid_status":"","footnotes":""},"categories":[379,375,343],"tags":[441],"class_list":{"0":"post-86443","1":"post","2":"type-post","3":"status-publish","4":"format-standard","5":"has-post-thumbnail","7":"category-novelas","8":"category-rede-globo","9":"category-televisao","10":"tag-resumo-do-dia"},"_links":{"self":[{"href":"https:\/\/migracao.redenoticia.com.br\/noticia\/wp-json\/wp\/v2\/posts\/86443","targetHints":{"allow":["GET"]}}],"collection":[{"href":"https:\/\/migracao.redenoticia.com.br\/noticia\/wp-json\/wp\/v2\/posts"}],"about":[{"href":"https:\/\/migracao.redenoticia.com.br\/noticia\/wp-json\/wp\/v2\/types\/post"}],"author":[{"embeddable":true,"href":"https:\/\/migracao.redenoticia.com.br\/noticia\/wp-json\/wp\/v2\/users\/2"}],"replies":[{"embeddable":true,"href":"https:\/\/migracao.redenoticia.com.br\/noticia\/wp-json\/wp\/v2\/comments?post=86443"}],"version-history":[{"count":0,"href":"https:\/\/migracao.redenoticia.com.br\/noticia\/wp-json\/wp\/v2\/posts\/86443\/revisions"}],"wp:featuredmedia":[{"embeddable":true,"href":"https:\/\/migracao.redenoticia.com.br\/noticia\/wp-json\/wp\/v2\/media\/84052"}],"wp:attachment":[{"href":"https:\/\/migracao.redenoticia.com.br\/noticia\/wp-json\/wp\/v2\/media?parent=86443"}],"wp:term":[{"taxonomy":"category","embeddable":true,"href":"https:\/\/migracao.redenoticia.com.br\/noticia\/wp-json\/wp\/v2\/categories?post=86443"},{"taxonomy":"post_tag","embeddable":true,"href":"https:\/\/migracao.redenoticia.com.br\/noticia\/wp-json\/wp\/v2\/tags?post=86443"}],"curies":[{"name":"wp","href":"https:\/\/api.w.org\/{rel}","templated":true}]}}