{"id":86470,"date":"2016-05-18T10:10:13","date_gmt":"2016-05-18T13:10:13","guid":{"rendered":"http:\/\/www.redenoticia.com.br\/noticia\/?p=86470"},"modified":"2016-05-17T18:11:28","modified_gmt":"2016-05-17T21:11:28","slug":"cruz-vermelha-capacita-voluntarios-para-padronizar-combate-ao-aedes-aegypti","status":"publish","type":"post","link":"https:\/\/migracao.redenoticia.com.br\/noticia\/2016\/cruz-vermelha-capacita-voluntarios-para-padronizar-combate-ao-aedes-aegypti\/86470","title":{"rendered":"Cruz Vermelha capacita volunt\u00e1rios para padronizar combate ao Aedes aegypti"},"content":{"rendered":"<p> A Cruz Vermelha Brasileira realiza nesta semana uma capacita\u00e7\u00e3o para padronizar o trabalho de combate ao <em><strong>Aedes aegypti<\/strong> <\/em>feito por volunt\u00e1rios em todas a filiais do pa\u00eds. Cerca de 40 representantes de filiais estaduais e municipais da entidade estar\u00e3o at\u00e9 s\u00e1bado (21) na sede do \u00f3rg\u00e3o, no centro do Rio de Janeiro.<\/p>\n<p>Os volunt\u00e1rios ser\u00e3o instru\u00eddos sobre quest\u00f5es epidemiol\u00f3gicas, visitas domiciliares, elimina\u00e7\u00e3o de focos e maneiras de orientar a popula\u00e7\u00e3o a manter vigil\u00e2ncia constante contra a prolifera\u00e7\u00e3o do mosquito.<\/p>\n<p>Quando voltarem a suas unidades de origem, eles atuar\u00e3o como multiplicadores passando adiante as orienta\u00e7\u00f5es.<\/p>\n<p>Coordenadora do projeto Zika da Cruz Vermelha Brasileira, Rosana Ribeiro esclareceu que o projeto est\u00e1 pronto para ser implementado h\u00e1 mais tempo, mas dependia de recursos que vieram por meio de doa\u00e7\u00f5es de outros pa\u00edses \u00e0 Cruz Vermelha Internacional.<\/p>\n<p>&#8220;As a\u00e7\u00f5es estavam sendo feitas pelas filiais isoladamente. J\u00e1 temos um trabalho com a\u00e7\u00f5es contra o mosquito, mas estamos padronizando as filiais para trabalhar no projeto espec\u00edfico&#8221;, acrescentou a coordenadora.<\/p>\n<p>Um dos focos do trabalho \u00e9 orientar a popula\u00e7\u00e3o e retornar \u00e0s casas para conferir se o combate continua sendo feito.<\/p>\n<p>&#8220;N\u00e3o vamos trabalhar com fumac\u00ea. Vamos eliminar sujeira, ac\u00famulo de lixo nos quintais e nas ruas. E focar em grupos espec\u00edficos, como gestantes, crian\u00e7as&#8221;.<\/p>\n<p>A Cruz Vermelha tamb\u00e9m montou um gabinete de crise para monitorar o trabalho realizado pelas filiais, que t\u00eam entre 80 e 100 volunt\u00e1rios cada uma. Durante os jogos ol\u00edmpicos e paral\u00edmpicos, o planejamento \u00e9 fazer a distribui\u00e7\u00e3o de material informativo nos locais de competi\u00e7\u00e3o.<\/p>\n<p>Vinicius Lisboa &#8211; Rep\u00f3rter da Ag\u00eancia Brasil<br \/>\nEdi\u00e7\u00e3o: Armando Cardoso<br \/>\n18\/05\/2016<\/p>\n","protected":false},"excerpt":{"rendered":"<p>A Cruz Vermelha Brasileira realiza nesta semana uma capacita\u00e7\u00e3o para padronizar o trabalho de combate ao Aedes aegypti feito por volunt\u00e1rios em todas a filiais do pa\u00eds. Cerca de 40 representantes de filiais estaduais e municipais da entidade estar\u00e3o at\u00e9 s\u00e1bado (21) na sede do \u00f3rg\u00e3o, no centro do Rio de Janeiro. Os volunt\u00e1rios ser\u00e3o [&hellip;]<\/p>\n","protected":false},"author":2,"featured_media":40847,"comment_status":"open","ping_status":"closed","sticky":false,"template":"","format":"standard","meta":{"tdm_status":"","tdm_grid_status":"","footnotes":""},"categories":[22,5],"tags":[],"class_list":{"0":"post-86470","1":"post","2":"type-post","3":"status-publish","4":"format-standard","5":"has-post-thumbnail","7":"category-brasil","8":"category-saude-e-vida"},"_links":{"self":[{"href":"https:\/\/migracao.redenoticia.com.br\/noticia\/wp-json\/wp\/v2\/posts\/86470","targetHints":{"allow":["GET"]}}],"collection":[{"href":"https:\/\/migracao.redenoticia.com.br\/noticia\/wp-json\/wp\/v2\/posts"}],"about":[{"href":"https:\/\/migracao.redenoticia.com.br\/noticia\/wp-json\/wp\/v2\/types\/post"}],"author":[{"embeddable":true,"href":"https:\/\/migracao.redenoticia.com.br\/noticia\/wp-json\/wp\/v2\/users\/2"}],"replies":[{"embeddable":true,"href":"https:\/\/migracao.redenoticia.com.br\/noticia\/wp-json\/wp\/v2\/comments?post=86470"}],"version-history":[{"count":0,"href":"https:\/\/migracao.redenoticia.com.br\/noticia\/wp-json\/wp\/v2\/posts\/86470\/revisions"}],"wp:featuredmedia":[{"embeddable":true,"href":"https:\/\/migracao.redenoticia.com.br\/noticia\/wp-json\/wp\/v2\/media\/40847"}],"wp:attachment":[{"href":"https:\/\/migracao.redenoticia.com.br\/noticia\/wp-json\/wp\/v2\/media?parent=86470"}],"wp:term":[{"taxonomy":"category","embeddable":true,"href":"https:\/\/migracao.redenoticia.com.br\/noticia\/wp-json\/wp\/v2\/categories?post=86470"},{"taxonomy":"post_tag","embeddable":true,"href":"https:\/\/migracao.redenoticia.com.br\/noticia\/wp-json\/wp\/v2\/tags?post=86470"}],"curies":[{"name":"wp","href":"https:\/\/api.w.org\/{rel}","templated":true}]}}