{"id":86512,"date":"2016-05-18T19:52:25","date_gmt":"2016-05-18T22:52:25","guid":{"rendered":"http:\/\/www.redenoticia.com.br\/noticia\/?p=86512"},"modified":"2016-05-18T16:55:44","modified_gmt":"2016-05-18T19:55:44","slug":"novela-totalmente-demais-resumo-1905-juiz-nega-adocao-para-carolina","status":"publish","type":"post","link":"https:\/\/migracao.redenoticia.com.br\/noticia\/2016\/novela-totalmente-demais-resumo-1905-juiz-nega-adocao-para-carolina\/86512","title":{"rendered":"Novela \u201cTotalmente Demais\u201d resumo 19\/05: Juiz nega ado\u00e7\u00e3o para Carolina"},"content":{"rendered":"<p> <strong><em><img loading=\"lazy\" decoding=\"async\" class=\"alignleft size-thumbnail wp-image-76581\" src=\"https:\/\/migracao.redenoticia.com.br\/noticia\/imagens\/totalmente_demais_novela_resumo_globo-150x112.jpg\" alt=\"totalmente_demais_novela_resumo_globo\" width=\"150\" height=\"112\" srcset=\"https:\/\/migracao.redenoticia.com.br\/noticia\/imagens\/totalmente_demais_novela_resumo_globo-150x112.jpg 150w, https:\/\/migracao.redenoticia.com.br\/noticia\/imagens\/totalmente_demais_novela_resumo_globo-265x198.jpg 265w\" sizes=\"auto, (max-width: 150px) 100vw, 150px\" \/>Novela \u201cTotalmente Demais\u201d resumo 19\/05<\/em><\/strong>: Carolina resolve adotar um garoto de sete anos por quem se apaixonou na primeira visita ao orfanato. O processo de ado\u00e7\u00e3o est\u00e1 a correr at\u00e9 que Cl\u00e1udia, assistente social do abrigo, d\u00e1 a m\u00e1 not\u00edcia para Carolina. Ela avisa Carol que o pedido de ado\u00e7\u00e3o foi negado pelo Juiz por causa do processo que Eliza move contra ela ap\u00f3s ter fotos \u00edntimas divulgadas. Carolina procura Eliza e suplica para que retire o processo que move contra ela.<\/p>\n<p>No capitulo 166(*), novela \u201cTotalmente Demais\u201d, quinta-feira, 19 de maio \u2013 Lili insinua que o beb\u00ea \u00e9 de Germano. Florisval e Ros\u00e2ngela comemoram com os filhos a not\u00edcia de seu casamento. <\/p>\n<p>Leila e Rafael ficam juntos e o rapaz prop\u00f5e que os dois iniciem uma rela\u00e7\u00e3o. Claudia avisa a Carolina que o pedido de ado\u00e7\u00e3o foi negado pelo Juiz por causa do processo de Eliza. <\/p>\n<p>Carolina suplica a Eliza que retire o processo que move contra ela.<\/p>\n<p>(*) edi\u00e7\u00e3o da Rede Globo, Novela \u201cTotalmente Demais\u201d, sujeito a altera\u00e7\u00e3o de data e conte\u00fado.<\/p>\n","protected":false},"excerpt":{"rendered":"<p>Novela \u201cTotalmente Demais\u201d resumo 19\/05: Carolina resolve adotar um garoto de sete anos por quem se apaixonou na primeira visita ao orfanato. O processo de ado\u00e7\u00e3o est\u00e1 a correr at\u00e9 que Cl\u00e1udia, assistente social do abrigo, d\u00e1 a m\u00e1 not\u00edcia para Carolina. Ela avisa Carol que o pedido de ado\u00e7\u00e3o foi negado pelo Juiz por [&hellip;]<\/p>\n","protected":false},"author":2,"featured_media":77337,"comment_status":"open","ping_status":"closed","sticky":false,"template":"","format":"standard","meta":{"tdm_status":"","tdm_grid_status":"","footnotes":""},"categories":[379,375,343],"tags":[441],"class_list":{"0":"post-86512","1":"post","2":"type-post","3":"status-publish","4":"format-standard","5":"has-post-thumbnail","7":"category-novelas","8":"category-rede-globo","9":"category-televisao","10":"tag-resumo-do-dia"},"_links":{"self":[{"href":"https:\/\/migracao.redenoticia.com.br\/noticia\/wp-json\/wp\/v2\/posts\/86512","targetHints":{"allow":["GET"]}}],"collection":[{"href":"https:\/\/migracao.redenoticia.com.br\/noticia\/wp-json\/wp\/v2\/posts"}],"about":[{"href":"https:\/\/migracao.redenoticia.com.br\/noticia\/wp-json\/wp\/v2\/types\/post"}],"author":[{"embeddable":true,"href":"https:\/\/migracao.redenoticia.com.br\/noticia\/wp-json\/wp\/v2\/users\/2"}],"replies":[{"embeddable":true,"href":"https:\/\/migracao.redenoticia.com.br\/noticia\/wp-json\/wp\/v2\/comments?post=86512"}],"version-history":[{"count":0,"href":"https:\/\/migracao.redenoticia.com.br\/noticia\/wp-json\/wp\/v2\/posts\/86512\/revisions"}],"wp:featuredmedia":[{"embeddable":true,"href":"https:\/\/migracao.redenoticia.com.br\/noticia\/wp-json\/wp\/v2\/media\/77337"}],"wp:attachment":[{"href":"https:\/\/migracao.redenoticia.com.br\/noticia\/wp-json\/wp\/v2\/media?parent=86512"}],"wp:term":[{"taxonomy":"category","embeddable":true,"href":"https:\/\/migracao.redenoticia.com.br\/noticia\/wp-json\/wp\/v2\/categories?post=86512"},{"taxonomy":"post_tag","embeddable":true,"href":"https:\/\/migracao.redenoticia.com.br\/noticia\/wp-json\/wp\/v2\/tags?post=86512"}],"curies":[{"name":"wp","href":"https:\/\/api.w.org\/{rel}","templated":true}]}}