{"id":8654,"date":"2009-08-14T16:30:57","date_gmt":"2009-08-14T20:30:57","guid":{"rendered":"http:\/\/www.redenoticia.com.br\/noticia\/?p=8654"},"modified":"2009-08-17T14:43:41","modified_gmt":"2009-08-17T18:43:41","slug":"novo-polo-i-motion-no-jornal-nacional","status":"publish","type":"post","link":"https:\/\/migracao.redenoticia.com.br\/noticia\/2009\/novo-polo-i-motion-no-jornal-nacional\/8654","title":{"rendered":"Novo Polo I-Motion no Jornal Nacional"},"content":{"rendered":"<p><a href=\"https:\/\/migracao.redenoticia.com.br\/noticia\/imagens\/\/polo.jpg\"><img loading=\"lazy\" decoding=\"async\" class=\"alignleft size-medium wp-image-8655\" title=\"polo\" src=\"https:\/\/migracao.redenoticia.com.br\/noticia\/imagens\/\/polo-249x187.jpg\" alt=\"polo\" width=\"249\" height=\"187\" \/><\/a>Estreia neste s\u00e1bado, 15\/8, durante o Jornal Nacional, na Rede Globo, o comercial &#8220;C\u00e2mbio&#8221;, da campanha criada pela AlmapBBDO para o novo Polo I-Motion, da Volkswagen. No domingo, ele estar\u00e1 em todas as emissoras. O filme destaca as vantagens do c\u00e2mbio ASG, que possui sistema automatizado e manual, com op\u00e7\u00e3o de trocas de marcha no volante. Com ele, as passagens das marchas s\u00e3o quase impercept\u00edveis. E o sistema \u00e9 inteligente: h\u00e1 um consumo menor de combust\u00edvel e uma durabilidade maior dos componentes.\u00a0<\/p>\n<p>O filme mostra um rapaz dirigindo o novo Polo I-Motion na cidade. A cada troca de marcha, ele d\u00e1 um leve tranco. Em off, o locutor explica que o novo Polo I-Motion possui c\u00e2mbio automatizado ASG e com ele \u00e9 poss\u00edvel trocar as marchas sem sentir. O carro ent\u00e3o para no sinal vermelho e o motorista d\u00e1 um novo tranco, soltando um solu\u00e7o. A assinatura da campanha \u00e9 &#8220;Novo Polo I-Motion. Dirija com intelig\u00eancia&#8221;.<\/p>\n<p>O an\u00fancio, em p\u00e1gina tripla, est\u00e1 sendo veiculado nas revistas mensais de agosto. Na primeira p\u00e1gina, o leitor v\u00ea apenas um cubo m\u00e1gico ainda n\u00e3o resolvido apoiado no c\u00e2mbio com o t\u00edtulo: &#8220;Novo Polo I-Motion com c\u00e2mbio automatizado ASG&#8221;. Ao vir\u00e1-la, h\u00e1 a foto do novo Polo e o destaque para 3 vantagens do modelo: conforto, durabilidade e economia. A terceira p\u00e1gina mostra o cubo j\u00e1 resolvido e o texto: &#8220;Muito, muito inteligente&#8221;.<\/p>\n<p>A campanha na Web come\u00e7ar\u00e1 na pr\u00f3xima semana no site www.vw.com.br\/polo, que destaca em cada uma de suas p\u00e1ginas detalhes do modelo Polo I-Motion, como as cores, a durabilidade e seus features. Tamb\u00e9m haver\u00e1 a\u00e7\u00f5es em diversos portais. No r\u00e1dio, o spot &#8220;Locutores&#8221; tem v\u00e1rios apresentadores com vozes parecidas e cada um fala uma parte do texto, sem que os ouvintes percebam muito a diferen\u00e7a entre eles. No final, o locutor fala que as marchas do Polo I-Motion mudam como os apresentadores do comercial, sem que ningu\u00e9m perceba.<\/p>\n<p>Ficha T\u00e9cnica &#8211; Filme<\/p>\n<p>Anunciante: Volkswagen<br \/>\nT\u00edtulo: &#8220;C\u00e2mbio&#8221;<br \/>\nProduto: Polo I-Motion<br \/>\nDiretor de Cria\u00e7\u00e3o: Dulc\u00eddio Caldeira, Luiz Sanches<br \/>\nCria\u00e7\u00e3o: Andre Kassu, Marcos Medeiros<br \/>\nProdutora: Killers<br \/>\nDire\u00e7\u00e3o: Claudio Borrelli<br \/>\nFotografia: Ted Abel<br \/>\nRTVC: Egisto Betti<br \/>\nTrilha\/Locutor: Tesis<br \/>\nMontador\/Editor: Marcelo Cavalieri, Claudio Borrelli<br \/>\nFinalizadora: Casablanca<br \/>\nAtendimento: Fern\u00e3o Cosi, Filipe Bartholomeu, Camila Figueiredo<br \/>\nPlanejamento: Fernanda Barone, Renata Bonilha<br \/>\nM\u00eddia: Zuleide Rampazzo, Wagner Dobner<br \/>\nAprova\u00e7\u00e3o: Flavio Padovan, Herlander Zola<\/p>\n","protected":false},"excerpt":{"rendered":"<p>Estreia neste s\u00e1bado, 15\/8, durante o Jornal Nacional, na Rede Globo, o comercial &#8220;C\u00e2mbio&#8221;, da campanha criada pela AlmapBBDO para o novo Polo I-Motion, da Volkswagen. No domingo, ele estar\u00e1 em todas as emissoras. O filme destaca as vantagens do c\u00e2mbio ASG, que possui sistema automatizado e manual, com op\u00e7\u00e3o de trocas de marcha no [&hellip;]<\/p>\n","protected":false},"author":3,"featured_media":0,"comment_status":"open","ping_status":"open","sticky":false,"template":"","format":"standard","meta":{"tdm_status":"","tdm_grid_status":"","footnotes":""},"categories":[22,343],"tags":[],"class_list":{"0":"post-8654","1":"post","2":"type-post","3":"status-publish","4":"format-standard","6":"category-brasil","7":"category-televisao"},"_links":{"self":[{"href":"https:\/\/migracao.redenoticia.com.br\/noticia\/wp-json\/wp\/v2\/posts\/8654","targetHints":{"allow":["GET"]}}],"collection":[{"href":"https:\/\/migracao.redenoticia.com.br\/noticia\/wp-json\/wp\/v2\/posts"}],"about":[{"href":"https:\/\/migracao.redenoticia.com.br\/noticia\/wp-json\/wp\/v2\/types\/post"}],"author":[{"embeddable":true,"href":"https:\/\/migracao.redenoticia.com.br\/noticia\/wp-json\/wp\/v2\/users\/3"}],"replies":[{"embeddable":true,"href":"https:\/\/migracao.redenoticia.com.br\/noticia\/wp-json\/wp\/v2\/comments?post=8654"}],"version-history":[{"count":0,"href":"https:\/\/migracao.redenoticia.com.br\/noticia\/wp-json\/wp\/v2\/posts\/8654\/revisions"}],"wp:attachment":[{"href":"https:\/\/migracao.redenoticia.com.br\/noticia\/wp-json\/wp\/v2\/media?parent=8654"}],"wp:term":[{"taxonomy":"category","embeddable":true,"href":"https:\/\/migracao.redenoticia.com.br\/noticia\/wp-json\/wp\/v2\/categories?post=8654"},{"taxonomy":"post_tag","embeddable":true,"href":"https:\/\/migracao.redenoticia.com.br\/noticia\/wp-json\/wp\/v2\/tags?post=8654"}],"curies":[{"name":"wp","href":"https:\/\/api.w.org\/{rel}","templated":true}]}}