{"id":8658,"date":"2009-08-14T16:58:49","date_gmt":"2009-08-14T20:58:49","guid":{"rendered":"http:\/\/www.redenoticia.com.br\/noticia\/?p=8658"},"modified":"2009-08-14T16:58:49","modified_gmt":"2009-08-14T20:58:49","slug":"rede-record-informa-que-joao-doria-jr-apresentara-o-aprendiz","status":"publish","type":"post","link":"https:\/\/migracao.redenoticia.com.br\/noticia\/2009\/rede-record-informa-que-joao-doria-jr-apresentara-o-aprendiz\/8658","title":{"rendered":"Rede Record informa que Jo\u00e3o Doria Jr. apresentar\u00e1 &#8220;O Aprendiz&#8221;"},"content":{"rendered":"<p>A Rede Record informa que o empres\u00e1rio e apresentador Jo\u00e3o Doria Jr. assinou contrato para comandar o programa &#8220;O Aprendiz&#8221;. Doria estreia em 2010 e o compromisso tem dura\u00e7\u00e3o de dois anos.\u00a0Paulistano, 51 anos, casado e pai de tr\u00eas filhos. Formado em jornalismo e publicidade, Doria foi secret\u00e1rio de turismo e presidente da Paulistur, na gest\u00e3o do prefeito M\u00e1rio Covas, na cidade de S\u00e3o Paulo. Foi presidente da Embratur e do Conselho Nacional de Turismo, no per\u00edodo do governo do presidente Jos\u00e9 Sarney. Tamb\u00e9m foi professor de marketing na Faap &#8211; Funda\u00e7\u00e3o Armando \u00c1lvares Penteado, em S\u00e3o Paulo.<\/p>\n<p>Rede Record informa que Jo\u00e3o Doria Jr. \u00e9\u00a0acionista majorit\u00e1rio e presidente da produtora de televis\u00e3o Videomax Produ\u00e7\u00f5es, da empresa de comunica\u00e7\u00e3o e marketing Doria Associados e da Doria Associados Editora. Doria edita sete revistas de economia, neg\u00f3cios e estilo de vida. \u00c9 conferencista e autor dos livros &#8220;Sucesso com Estilo&#8221; e &#8220;Li\u00e7\u00f5es para Vencer&#8221;.\u00a0 Entre suas empresas est\u00e3o tamb\u00e9m um Shopping Center e um centro de conven\u00e7\u00f5es, em Campos do Jord\u00e3o, interior de S\u00e3o Paulo.\u00a0Preside o Lide &#8211; Grupo de L\u00edderes Empresariais, que congrega mais de 700 das maiores empresas do Brasil, que representam 44% do PIB privado brasileiro. Realiza os eventos empresariais do Brasil e no exterior.<\/p>\n<p>Segundo a Rede Record, Jo\u00e3o Doria Jr. comanda a Casa Cor, maior evento de arquitetura e decora\u00e7\u00e3o das Am\u00e9ricas e segundo maior do mundo. \u00c9 colunista da revista Dinheiro, onde aborda temas de neg\u00f3cios, economia e empreendedorismo.\u00a0Em 2009, Jo\u00e3o Doria foi eleito uma das 100 pessoas mais influentes do Brasil, pela revista Isto\u00e9.\u00a0Jo\u00e3o Doria Jr. tem 20 anos de experi\u00eancia em televis\u00e3o, conduzindo o programa de entrevistas Show Business e lidera em suas empresas mais de 250 funcion\u00e1rios diretos e 400 indiretos.<\/p>\n<p>Fonte Rede Record &#8211; Jo\u00e3o Doria Jr.<\/p>\n","protected":false},"excerpt":{"rendered":"<p>A Rede Record informa que o empres\u00e1rio e apresentador Jo\u00e3o Doria Jr. assinou contrato para comandar o programa &#8220;O Aprendiz&#8221;. Doria estreia em 2010 e o compromisso tem dura\u00e7\u00e3o de dois anos.\u00a0Paulistano, 51 anos, casado e pai de tr\u00eas filhos. Formado em jornalismo e publicidade, Doria foi secret\u00e1rio de turismo e presidente da Paulistur, na [&hellip;]<\/p>\n","protected":false},"author":3,"featured_media":0,"comment_status":"open","ping_status":"open","sticky":false,"template":"","format":"standard","meta":{"tdm_status":"","tdm_grid_status":"","footnotes":""},"categories":[22,343],"tags":[],"class_list":{"0":"post-8658","1":"post","2":"type-post","3":"status-publish","4":"format-standard","6":"category-brasil","7":"category-televisao"},"_links":{"self":[{"href":"https:\/\/migracao.redenoticia.com.br\/noticia\/wp-json\/wp\/v2\/posts\/8658","targetHints":{"allow":["GET"]}}],"collection":[{"href":"https:\/\/migracao.redenoticia.com.br\/noticia\/wp-json\/wp\/v2\/posts"}],"about":[{"href":"https:\/\/migracao.redenoticia.com.br\/noticia\/wp-json\/wp\/v2\/types\/post"}],"author":[{"embeddable":true,"href":"https:\/\/migracao.redenoticia.com.br\/noticia\/wp-json\/wp\/v2\/users\/3"}],"replies":[{"embeddable":true,"href":"https:\/\/migracao.redenoticia.com.br\/noticia\/wp-json\/wp\/v2\/comments?post=8658"}],"version-history":[{"count":0,"href":"https:\/\/migracao.redenoticia.com.br\/noticia\/wp-json\/wp\/v2\/posts\/8658\/revisions"}],"wp:attachment":[{"href":"https:\/\/migracao.redenoticia.com.br\/noticia\/wp-json\/wp\/v2\/media?parent=8658"}],"wp:term":[{"taxonomy":"category","embeddable":true,"href":"https:\/\/migracao.redenoticia.com.br\/noticia\/wp-json\/wp\/v2\/categories?post=8658"},{"taxonomy":"post_tag","embeddable":true,"href":"https:\/\/migracao.redenoticia.com.br\/noticia\/wp-json\/wp\/v2\/tags?post=8658"}],"curies":[{"name":"wp","href":"https:\/\/api.w.org\/{rel}","templated":true}]}}