{"id":8661,"date":"2009-08-14T17:15:34","date_gmt":"2009-08-14T21:15:34","guid":{"rendered":"http:\/\/www.redenoticia.com.br\/noticia\/?p=8661"},"modified":"2009-08-14T17:16:00","modified_gmt":"2009-08-14T21:16:00","slug":"previsao-do-tempo-sao-paulo-entra-em-estado-de-emergencia","status":"publish","type":"post","link":"https:\/\/migracao.redenoticia.com.br\/noticia\/2009\/previsao-do-tempo-sao-paulo-entra-em-estado-de-emergencia\/8661","title":{"rendered":"Previs\u00e3o do tempo &#8211; S\u00e3o Paulo entra em estado de emerg\u00eancia"},"content":{"rendered":"<p>Previs\u00e3o do tempo alerta que, nesta sexta-feira (14), a Capital de S\u00e3o Paulo registra o recorde hist\u00f3rico de umidade relativa. De acordo com a esta\u00e7\u00e3o convencional do Instituto Nacional de Meteorologia (Inmet), localizada no Mirante de Santana (Zona Norte), a umidade relativa atingiu 10% \u00e0s 15 horas, \u00edndice considerado estado de emerg\u00eancia pelo Centro de Pesquisas Meteorol\u00f3gicas e Clim\u00e1ticas Aplicadas \u00e0 Agricultura (Cepagri), da Unicamp. Desde 1963, quando se iniciaram as medi\u00e7\u00f5es do Inmet na Cidade, a umidade n\u00e3o havia sido t\u00e3o baixa.<\/p>\n<p>Segundo a previs\u00e3o do tempo, as esta\u00e7\u00f5es meteorol\u00f3gicas dos aeroportos de Congonhas e Campo de Marte tamb\u00e9m seguiram a tend\u00eancia, com 12,3% e 12,6%, respectivamente. Al\u00e9m do estado de alerta, que compreende \u00edndices de umidade relativa abaixo de 12% (valor menos favor\u00e1vel para a sa\u00fade humana), a escala psicrom\u00e9trica do Cepagri considera outros estados, como aten\u00e7\u00e3o (entre 20% e 30%) e alerta (entre 12% e 20%). Nestes casos, o \u00f3rg\u00e3o recomenda interromper atividades ao ar livre entre as 10 e 16 horas, suspender atividades que exijam aglomera\u00e7\u00e3o em locais fechados, e durante a tarde, manter com umidade os ambientes internos, principalmente quarto de crian\u00e7as, hospitais etc.<\/p>\n<p>Segundo Jonathan Cologna, meteorologista da Somar, a previs\u00e3o do tempo indica que o final de semana segue a tend\u00eancia dos \u00faltimos dias, com tempo seco, calor e sem previs\u00e3o de chuvas. &#8220;As temperaturas continuam altas principalmente no per\u00edodo da tarde, com m\u00e1xima de 25\u00b0C, e sensa\u00e7\u00e3o de frio durante a noite, com m\u00ednima de 14\u00b0C&#8221;, explica Cologna.<\/p>\n","protected":false},"excerpt":{"rendered":"<p>Previs\u00e3o do tempo alerta que, nesta sexta-feira (14), a Capital de S\u00e3o Paulo registra o recorde hist\u00f3rico de umidade relativa. De acordo com a esta\u00e7\u00e3o convencional do Instituto Nacional de Meteorologia (Inmet), localizada no Mirante de Santana (Zona Norte), a umidade relativa atingiu 10% \u00e0s 15 horas, \u00edndice considerado estado de emerg\u00eancia pelo Centro de [&hellip;]<\/p>\n","protected":false},"author":3,"featured_media":0,"comment_status":"open","ping_status":"open","sticky":false,"template":"","format":"standard","meta":{"tdm_status":"","tdm_grid_status":"","footnotes":""},"categories":[22,327],"tags":[],"class_list":{"0":"post-8661","1":"post","2":"type-post","3":"status-publish","4":"format-standard","6":"category-brasil","7":"category-clima"},"_links":{"self":[{"href":"https:\/\/migracao.redenoticia.com.br\/noticia\/wp-json\/wp\/v2\/posts\/8661","targetHints":{"allow":["GET"]}}],"collection":[{"href":"https:\/\/migracao.redenoticia.com.br\/noticia\/wp-json\/wp\/v2\/posts"}],"about":[{"href":"https:\/\/migracao.redenoticia.com.br\/noticia\/wp-json\/wp\/v2\/types\/post"}],"author":[{"embeddable":true,"href":"https:\/\/migracao.redenoticia.com.br\/noticia\/wp-json\/wp\/v2\/users\/3"}],"replies":[{"embeddable":true,"href":"https:\/\/migracao.redenoticia.com.br\/noticia\/wp-json\/wp\/v2\/comments?post=8661"}],"version-history":[{"count":0,"href":"https:\/\/migracao.redenoticia.com.br\/noticia\/wp-json\/wp\/v2\/posts\/8661\/revisions"}],"wp:attachment":[{"href":"https:\/\/migracao.redenoticia.com.br\/noticia\/wp-json\/wp\/v2\/media?parent=8661"}],"wp:term":[{"taxonomy":"category","embeddable":true,"href":"https:\/\/migracao.redenoticia.com.br\/noticia\/wp-json\/wp\/v2\/categories?post=8661"},{"taxonomy":"post_tag","embeddable":true,"href":"https:\/\/migracao.redenoticia.com.br\/noticia\/wp-json\/wp\/v2\/tags?post=8661"}],"curies":[{"name":"wp","href":"https:\/\/api.w.org\/{rel}","templated":true}]}}