{"id":86672,"date":"2016-05-20T21:10:13","date_gmt":"2016-05-21T00:10:13","guid":{"rendered":"http:\/\/www.redenoticia.com.br\/noticia\/?p=86672"},"modified":"2016-05-20T17:33:34","modified_gmt":"2016-05-20T20:33:34","slug":"novela-velho-chico-resumo-2105-iolanda-resolve-procurar-martim","status":"publish","type":"post","link":"https:\/\/migracao.redenoticia.com.br\/noticia\/2016\/novela-velho-chico-resumo-2105-iolanda-resolve-procurar-martim\/86672","title":{"rendered":"Novela \u201cVelho Chico\u201d resumo 21\/05: Iolanda resolve procurar Martim"},"content":{"rendered":"<p> <img loading=\"lazy\" decoding=\"async\" class=\"alignleft size-thumbnail wp-image-82169\" src=\"https:\/\/migracao.redenoticia.com.br\/noticia\/imagens\/velho_chico_novela_resumo_globo-150x112.jpg\" alt=\"velho_chico_novela_resumo_globo\" width=\"150\" height=\"112\" srcset=\"https:\/\/migracao.redenoticia.com.br\/noticia\/imagens\/velho_chico_novela_resumo_globo-150x112.jpg 150w, https:\/\/migracao.redenoticia.com.br\/noticia\/imagens\/velho_chico_novela_resumo_globo-265x198.jpg 265w\" sizes=\"auto, (max-width: 150px) 100vw, 150px\" \/><strong><em>Novela \u201cVelho Chico\u201d resumo 21\/05<\/em><\/strong>: Martim procura Padre Ben\u00edcio para acalmar os esp\u00edritos e benzer o s\u00edtio de seus av\u00f3s. Ele pede ao religioso para n\u00e3o contar a ningu\u00e9m da fam\u00edlia sobre sua volta. Mas, ap\u00f3s ter uma briga feia com Afr\u00e2nio, Iolanda procura o padre Ben\u00edcio e diz que se sente culpada pelo sumi\u00e7o do enteado, a quem ela sempre tratou como filho. Ent\u00e3o, o padre n\u00e3o consegue cumprir a promessa que fez a Martim e revela que o rapaz est\u00e1 vivo e que ela n\u00e3o deve se preocupar. Iolanda resolve ir a procura de Martim. <\/p>\n<p>No capitulo 060(*), novela \u201cVelho Chico\u201d, s\u00e1bado, 21 de maio \u2013 Afr\u00e2nio e Iolanda discutem e Tereza pede que o pai v\u00e1 atr\u00e1s da esposa. Iolanda desabafa com Padre Ben\u00edcio. <\/p>\n<p>Bento sofre por acreditar que n\u00e3o est\u00e1 cumprindo o que prometeu antes de se eleger vereador. Beatriz n\u00e3o acredita que possa ser feliz com Bento. Josefa teme que seus filhos se entriste\u00e7am por causa de Z\u00e9 Pirangueiro. <\/p>\n<p>Ol\u00edvia confidencia a Isabel que beijou Lucas. Padre Ben\u00edcio revela a Iolanda onde est\u00e1 Martim. Afr\u00e2nio sofre com a aus\u00eancia da esposa. Iolanda vai ao encontro de Martim.<\/p>\n<p>(*) edi\u00e7\u00e3o da Rede Globo, Novela \u201cVelho Chico\u201d, sujeito a altera\u00e7\u00e3o de data e conte\u00fado.<\/p>\n","protected":false},"excerpt":{"rendered":"<p>Novela \u201cVelho Chico\u201d resumo 21\/05: Martim procura Padre Ben\u00edcio para acalmar os esp\u00edritos e benzer o s\u00edtio de seus av\u00f3s. Ele pede ao religioso para n\u00e3o contar a ningu\u00e9m da fam\u00edlia sobre sua volta. Mas, ap\u00f3s ter uma briga feia com Afr\u00e2nio, Iolanda procura o padre Ben\u00edcio e diz que se sente culpada pelo sumi\u00e7o [&hellip;]<\/p>\n","protected":false},"author":2,"featured_media":82169,"comment_status":"open","ping_status":"closed","sticky":false,"template":"","format":"standard","meta":{"tdm_status":"","tdm_grid_status":"","footnotes":""},"categories":[379,375,343],"tags":[441],"class_list":{"0":"post-86672","1":"post","2":"type-post","3":"status-publish","4":"format-standard","5":"has-post-thumbnail","7":"category-novelas","8":"category-rede-globo","9":"category-televisao","10":"tag-resumo-do-dia"},"_links":{"self":[{"href":"https:\/\/migracao.redenoticia.com.br\/noticia\/wp-json\/wp\/v2\/posts\/86672","targetHints":{"allow":["GET"]}}],"collection":[{"href":"https:\/\/migracao.redenoticia.com.br\/noticia\/wp-json\/wp\/v2\/posts"}],"about":[{"href":"https:\/\/migracao.redenoticia.com.br\/noticia\/wp-json\/wp\/v2\/types\/post"}],"author":[{"embeddable":true,"href":"https:\/\/migracao.redenoticia.com.br\/noticia\/wp-json\/wp\/v2\/users\/2"}],"replies":[{"embeddable":true,"href":"https:\/\/migracao.redenoticia.com.br\/noticia\/wp-json\/wp\/v2\/comments?post=86672"}],"version-history":[{"count":0,"href":"https:\/\/migracao.redenoticia.com.br\/noticia\/wp-json\/wp\/v2\/posts\/86672\/revisions"}],"wp:featuredmedia":[{"embeddable":true,"href":"https:\/\/migracao.redenoticia.com.br\/noticia\/wp-json\/wp\/v2\/media\/82169"}],"wp:attachment":[{"href":"https:\/\/migracao.redenoticia.com.br\/noticia\/wp-json\/wp\/v2\/media?parent=86672"}],"wp:term":[{"taxonomy":"category","embeddable":true,"href":"https:\/\/migracao.redenoticia.com.br\/noticia\/wp-json\/wp\/v2\/categories?post=86672"},{"taxonomy":"post_tag","embeddable":true,"href":"https:\/\/migracao.redenoticia.com.br\/noticia\/wp-json\/wp\/v2\/tags?post=86672"}],"curies":[{"name":"wp","href":"https:\/\/api.w.org\/{rel}","templated":true}]}}