{"id":86724,"date":"2016-05-21T18:50:22","date_gmt":"2016-05-21T21:50:22","guid":{"rendered":"http:\/\/www.redenoticia.com.br\/noticia\/?p=86724"},"modified":"2016-05-21T18:50:22","modified_gmt":"2016-05-21T21:50:22","slug":"novela-velho-chico-resumo-2305-afranio-ameaca-edenilson","status":"publish","type":"post","link":"https:\/\/migracao.redenoticia.com.br\/noticia\/2016\/novela-velho-chico-resumo-2305-afranio-ameaca-edenilson\/86724","title":{"rendered":"Novela \u201cVelho Chico\u201d resumo 23\/05: Afr\u00e2nio amea\u00e7a Edenilson"},"content":{"rendered":"<p> <img loading=\"lazy\" decoding=\"async\" class=\"alignleft size-thumbnail wp-image-82169\" src=\"https:\/\/migracao.redenoticia.com.br\/noticia\/imagens\/velho_chico_novela_resumo_globo-150x112.jpg\" alt=\"velho_chico_novela_resumo_globo\" width=\"150\" height=\"112\" srcset=\"https:\/\/migracao.redenoticia.com.br\/noticia\/imagens\/velho_chico_novela_resumo_globo-150x112.jpg 150w, https:\/\/migracao.redenoticia.com.br\/noticia\/imagens\/velho_chico_novela_resumo_globo-265x198.jpg 265w\" sizes=\"auto, (max-width: 150px) 100vw, 150px\" \/><strong><em>Novela \u201cVelho Chico\u201d resumo 23\/05<\/em><\/strong>: o Coronel Afr\u00e2nio quer acabar com cooperativa e com Santo. O advogado e Edenilson v\u00e3o falar com Afr\u00e2nio. Edenilson afirma que gostaria de tentar um acordo com Santo, o que irrita o Saru\u00ea. O coronel \u00e9 duro com Edenilson e o amea\u00e7a. Ao agricultor s\u00f3 lhe resta abaixar a cabe\u00e7a e obedecer.<\/p>\n<p>No capitulo 061(*), novela \u201cVelho Chico\u201d, segunda-feira, 23 de maio \u2013 Martim afirma a Iolanda que n\u00e3o voltar\u00e1 para a fazenda. Doninha se preocupa com Iolanda. Ol\u00edvia e Lucas dan\u00e7am e se beijam. <\/p>\n<p>Piedade conversa com Santo sobre Bento. Bento discursa contra o prefeito Raimundo e o coronel Afr\u00e2nio. Iolanda garante que unir\u00e1 sua fam\u00edlia novamente. Bento e Beatriz se amam. Afr\u00e2nio acusa Iolanda de t\u00ea-lo tra\u00eddo. <\/p>\n<p>Iolanda e Encarna\u00e7\u00e3o discutem. Miguel alerta Afr\u00e2nio sobre o mau estado das terras, mas \u00e9 ignorado pelo av\u00f4. Padre Ben\u00edcio pede que Iolanda n\u00e3o perca as esperan\u00e7as de reconstruir a fam\u00edlia. Afr\u00e2nio amea\u00e7a Edenilson.<\/p>\n<p>(*) edi\u00e7\u00e3o da Rede Globo, Novela \u201cVelho Chico\u201d, sujeito a altera\u00e7\u00e3o de data e conte\u00fado.<\/p>\n","protected":false},"excerpt":{"rendered":"<p>Novela \u201cVelho Chico\u201d resumo 23\/05: o Coronel Afr\u00e2nio quer acabar com cooperativa e com Santo. O advogado e Edenilson v\u00e3o falar com Afr\u00e2nio. Edenilson afirma que gostaria de tentar um acordo com Santo, o que irrita o Saru\u00ea. O coronel \u00e9 duro com Edenilson e o amea\u00e7a. Ao agricultor s\u00f3 lhe resta abaixar a cabe\u00e7a [&hellip;]<\/p>\n","protected":false},"author":2,"featured_media":82169,"comment_status":"open","ping_status":"closed","sticky":false,"template":"","format":"standard","meta":{"tdm_status":"","tdm_grid_status":"","footnotes":""},"categories":[379,375,343],"tags":[441],"class_list":{"0":"post-86724","1":"post","2":"type-post","3":"status-publish","4":"format-standard","5":"has-post-thumbnail","7":"category-novelas","8":"category-rede-globo","9":"category-televisao","10":"tag-resumo-do-dia"},"_links":{"self":[{"href":"https:\/\/migracao.redenoticia.com.br\/noticia\/wp-json\/wp\/v2\/posts\/86724","targetHints":{"allow":["GET"]}}],"collection":[{"href":"https:\/\/migracao.redenoticia.com.br\/noticia\/wp-json\/wp\/v2\/posts"}],"about":[{"href":"https:\/\/migracao.redenoticia.com.br\/noticia\/wp-json\/wp\/v2\/types\/post"}],"author":[{"embeddable":true,"href":"https:\/\/migracao.redenoticia.com.br\/noticia\/wp-json\/wp\/v2\/users\/2"}],"replies":[{"embeddable":true,"href":"https:\/\/migracao.redenoticia.com.br\/noticia\/wp-json\/wp\/v2\/comments?post=86724"}],"version-history":[{"count":0,"href":"https:\/\/migracao.redenoticia.com.br\/noticia\/wp-json\/wp\/v2\/posts\/86724\/revisions"}],"wp:featuredmedia":[{"embeddable":true,"href":"https:\/\/migracao.redenoticia.com.br\/noticia\/wp-json\/wp\/v2\/media\/82169"}],"wp:attachment":[{"href":"https:\/\/migracao.redenoticia.com.br\/noticia\/wp-json\/wp\/v2\/media?parent=86724"}],"wp:term":[{"taxonomy":"category","embeddable":true,"href":"https:\/\/migracao.redenoticia.com.br\/noticia\/wp-json\/wp\/v2\/categories?post=86724"},{"taxonomy":"post_tag","embeddable":true,"href":"https:\/\/migracao.redenoticia.com.br\/noticia\/wp-json\/wp\/v2\/tags?post=86724"}],"curies":[{"name":"wp","href":"https:\/\/api.w.org\/{rel}","templated":true}]}}