{"id":86728,"date":"2016-05-23T10:03:00","date_gmt":"2016-05-23T13:03:00","guid":{"rendered":"http:\/\/www.redenoticia.com.br\/noticia\/?p=86728"},"modified":"2016-05-21T19:04:21","modified_gmt":"2016-05-21T22:04:21","slug":"instituto-butantan-oferece-curso-sobre-dor-e-analgesia","status":"publish","type":"post","link":"https:\/\/migracao.redenoticia.com.br\/noticia\/2016\/instituto-butantan-oferece-curso-sobre-dor-e-analgesia\/86728","title":{"rendered":"Instituto Butantan oferece curso sobre dor e analgesia"},"content":{"rendered":"<p> Ag\u00eancia FAPESP \u2013 O Centro de Toxinas, Resposta-Imune e Sinaliza\u00e7\u00e3o Celular (), no Instituto Butantan, realizar\u00e1, de 25 a 29 de julho de 2016, o 1\u00ba <strong><em>Curso de Inverno em Dor e Sinaliza\u00e7\u00e3o Intracelular<\/em><\/strong>.<\/p>\n<p>O curso, voltado a alunos de gradua\u00e7\u00e3o e rec\u00e9m-formados na \u00e1rea da sa\u00fade, tem dura\u00e7\u00e3o de 40 horas e abordar\u00e1 o tema dor e analgesia. A coordena\u00e7\u00e3o \u00e9 de Vanessa Zambelli, pesquisadora do Laborat\u00f3rio Especial de Dor e Sinaliza\u00e7\u00e3o.<\/p>\n<p>Entre os principais t\u00f3picos do curso est\u00e3o: epidemiologia e relev\u00e2ncia do estudo da dor; anatomia das vias de dor; media\u00e7\u00e3o qu\u00edmica da dor aguda e cr\u00f4nica; receptores e canais envolvidos na dor e analgesia; e t\u00e9cnicas de laborat\u00f3rio utilizadas no estudo da dor.<\/p>\n<p>Ser\u00e3o oferecidas 20 vagas, sendo a inscri\u00e7\u00e3o efetivada apenas mediante o envio pr\u00e9vio de curr\u00edculo resumido e de carta explicando o interesse em participar do curso. O envio dever\u00e1 ser feito at\u00e9 10 de junho para: cursos.cultural@butantan.gov.br.<\/p>\n<p>A rela\u00e7\u00e3o dos aprovados ser\u00e1 divulgada em 13 de junho e os selecionados dever\u00e3o confirmar sua participa\u00e7\u00e3o at\u00e9 15 de junho.<\/p>\n<p>O CeTICS \u00e9 um Centro de Pesquisa, Inova\u00e7\u00e3o e Difus\u00e3o apoiado pela FAPESP.<\/p>\n<p>Mais informa\u00e7\u00f5es:  e (11) 2627-9538 \/ 9548.<\/p>\n","protected":false},"excerpt":{"rendered":"<p>Ag\u00eancia FAPESP \u2013 O Centro de Toxinas, Resposta-Imune e Sinaliza\u00e7\u00e3o Celular (), no Instituto Butantan, realizar\u00e1, de 25 a 29 de julho de 2016, o 1\u00ba Curso de Inverno em Dor e Sinaliza\u00e7\u00e3o Intracelular. O curso, voltado a alunos de gradua\u00e7\u00e3o e rec\u00e9m-formados na \u00e1rea da sa\u00fade, tem dura\u00e7\u00e3o de 40 horas e abordar\u00e1 o [&hellip;]<\/p>\n","protected":false},"author":2,"featured_media":35093,"comment_status":"open","ping_status":"closed","sticky":false,"template":"","format":"standard","meta":{"tdm_status":"","tdm_grid_status":"","footnotes":""},"categories":[22,5],"tags":[],"class_list":{"0":"post-86728","1":"post","2":"type-post","3":"status-publish","4":"format-standard","5":"has-post-thumbnail","7":"category-brasil","8":"category-saude-e-vida"},"_links":{"self":[{"href":"https:\/\/migracao.redenoticia.com.br\/noticia\/wp-json\/wp\/v2\/posts\/86728","targetHints":{"allow":["GET"]}}],"collection":[{"href":"https:\/\/migracao.redenoticia.com.br\/noticia\/wp-json\/wp\/v2\/posts"}],"about":[{"href":"https:\/\/migracao.redenoticia.com.br\/noticia\/wp-json\/wp\/v2\/types\/post"}],"author":[{"embeddable":true,"href":"https:\/\/migracao.redenoticia.com.br\/noticia\/wp-json\/wp\/v2\/users\/2"}],"replies":[{"embeddable":true,"href":"https:\/\/migracao.redenoticia.com.br\/noticia\/wp-json\/wp\/v2\/comments?post=86728"}],"version-history":[{"count":0,"href":"https:\/\/migracao.redenoticia.com.br\/noticia\/wp-json\/wp\/v2\/posts\/86728\/revisions"}],"wp:featuredmedia":[{"embeddable":true,"href":"https:\/\/migracao.redenoticia.com.br\/noticia\/wp-json\/wp\/v2\/media\/35093"}],"wp:attachment":[{"href":"https:\/\/migracao.redenoticia.com.br\/noticia\/wp-json\/wp\/v2\/media?parent=86728"}],"wp:term":[{"taxonomy":"category","embeddable":true,"href":"https:\/\/migracao.redenoticia.com.br\/noticia\/wp-json\/wp\/v2\/categories?post=86728"},{"taxonomy":"post_tag","embeddable":true,"href":"https:\/\/migracao.redenoticia.com.br\/noticia\/wp-json\/wp\/v2\/tags?post=86728"}],"curies":[{"name":"wp","href":"https:\/\/api.w.org\/{rel}","templated":true}]}}