{"id":86732,"date":"2016-05-23T10:06:16","date_gmt":"2016-05-23T13:06:16","guid":{"rendered":"http:\/\/www.redenoticia.com.br\/noticia\/?p=86732"},"modified":"2016-05-21T19:07:52","modified_gmt":"2016-05-21T22:07:52","slug":"secretaria-prorroga-campanha-de-vacinacao-contra-gripe-em-sp","status":"publish","type":"post","link":"https:\/\/migracao.redenoticia.com.br\/noticia\/2016\/secretaria-prorroga-campanha-de-vacinacao-contra-gripe-em-sp\/86732","title":{"rendered":"Secretaria prorroga campanha de vacina\u00e7\u00e3o contra gripe em SP"},"content":{"rendered":"<p> A campanha de <strong><em>vacina\u00e7\u00e3o contra a gripe<\/em><\/strong>, prevista inicialmente para ser encerrada sexta (20), foi prorrogada em todo o estado de S\u00e3o Paulo at\u00e9 o dia 31 de maio. O novo lote de vacinas estar\u00e1 dispon\u00edvel a partir desta segunda-feira (23). A informa\u00e7\u00e3o \u00e9 da Secretaria de Estado da Sa\u00fade de S\u00e3o Paulo.<\/p>\n<p> Segundo a secretaria, ser\u00e3o distribu\u00eddas 1,94 milh\u00e3o de doses extras para a vacina\u00e7\u00e3o contra o v\u00edrus da Influenza, causador da gripe. A vacina \u00e9 trivalente e protege contra o v\u00edrus tipo A H1N1, al\u00e9m dos v\u00edrus A\/Hong Kong H3N2 e o v\u00edrus B\/Brisbane.<\/p>\n<p>Todas as regi\u00f5es do estado receber\u00e3o as vacinas extras, mas a prioridade ser\u00e3o os munic\u00edpios que n\u00e3o atingiram a meta de imunizar 80% do p\u00fablico-alvo, que \u00e9 formado por crian\u00e7as entre seis meses e menores de cinco anos, idosos a partir de 60 anos, gestantes, pu\u00e9rperas [mulheres que tiveram filhos nos \u00faltimos 45 dias], doentes cr\u00f4nicos, ind\u00edgenas e popula\u00e7\u00e3o carcer\u00e1ria.<\/p>\n<p>\u201cCom este novo lote, podemos refor\u00e7ar a preven\u00e7\u00e3o em favor do p\u00fablico-alvo e abranger a imuniza\u00e7\u00e3o aos doentes cr\u00f4nicos e demais grupos priorit\u00e1rios. A segunda dose da vacina \u00e0s crian\u00e7as est\u00e1 totalmente garantida\u201d, disse David Uip, secret\u00e1rio de Estado da Sa\u00fade de S\u00e3o Paulo.<\/p>\n<p>Desde o dia 4 de abril, quando teve in\u00edcio a campanha de vacina\u00e7\u00e3o, at\u00e9 este momento, mais de 10,1 milh\u00f5es de pessoas j\u00e1 foram imunizadas em S\u00e3o Paulo contra a gripe. O n\u00famero ultrapassou a expectativa da secretaria, que tinha estabelecido uma meta de vacinar 9,5 milh\u00f5es de pessoas no estado.<\/p>\n<p>Elaine Patricia Cruz \u2013 Rep\u00f3rter da Ag\u00eancia Brasil<br \/>\nEdi\u00e7\u00e3o: Maria Claudia<br \/>\n23\/05\/2016<\/p>\n","protected":false},"excerpt":{"rendered":"<p>A campanha de vacina\u00e7\u00e3o contra a gripe, prevista inicialmente para ser encerrada sexta (20), foi prorrogada em todo o estado de S\u00e3o Paulo at\u00e9 o dia 31 de maio. O novo lote de vacinas estar\u00e1 dispon\u00edvel a partir desta segunda-feira (23). A informa\u00e7\u00e3o \u00e9 da Secretaria de Estado da Sa\u00fade de S\u00e3o Paulo. Segundo a [&hellip;]<\/p>\n","protected":false},"author":2,"featured_media":34747,"comment_status":"open","ping_status":"closed","sticky":false,"template":"","format":"standard","meta":{"tdm_status":"","tdm_grid_status":"","footnotes":""},"categories":[22,5],"tags":[],"class_list":{"0":"post-86732","1":"post","2":"type-post","3":"status-publish","4":"format-standard","5":"has-post-thumbnail","7":"category-brasil","8":"category-saude-e-vida"},"_links":{"self":[{"href":"https:\/\/migracao.redenoticia.com.br\/noticia\/wp-json\/wp\/v2\/posts\/86732","targetHints":{"allow":["GET"]}}],"collection":[{"href":"https:\/\/migracao.redenoticia.com.br\/noticia\/wp-json\/wp\/v2\/posts"}],"about":[{"href":"https:\/\/migracao.redenoticia.com.br\/noticia\/wp-json\/wp\/v2\/types\/post"}],"author":[{"embeddable":true,"href":"https:\/\/migracao.redenoticia.com.br\/noticia\/wp-json\/wp\/v2\/users\/2"}],"replies":[{"embeddable":true,"href":"https:\/\/migracao.redenoticia.com.br\/noticia\/wp-json\/wp\/v2\/comments?post=86732"}],"version-history":[{"count":0,"href":"https:\/\/migracao.redenoticia.com.br\/noticia\/wp-json\/wp\/v2\/posts\/86732\/revisions"}],"wp:featuredmedia":[{"embeddable":true,"href":"https:\/\/migracao.redenoticia.com.br\/noticia\/wp-json\/wp\/v2\/media\/34747"}],"wp:attachment":[{"href":"https:\/\/migracao.redenoticia.com.br\/noticia\/wp-json\/wp\/v2\/media?parent=86732"}],"wp:term":[{"taxonomy":"category","embeddable":true,"href":"https:\/\/migracao.redenoticia.com.br\/noticia\/wp-json\/wp\/v2\/categories?post=86732"},{"taxonomy":"post_tag","embeddable":true,"href":"https:\/\/migracao.redenoticia.com.br\/noticia\/wp-json\/wp\/v2\/tags?post=86732"}],"curies":[{"name":"wp","href":"https:\/\/api.w.org\/{rel}","templated":true}]}}