{"id":86734,"date":"2016-05-23T10:07:59","date_gmt":"2016-05-23T13:07:59","guid":{"rendered":"http:\/\/www.redenoticia.com.br\/noticia\/?p=86734"},"modified":"2016-05-21T19:09:18","modified_gmt":"2016-05-21T22:09:18","slug":"sao-paulo-registra-reducao-de-81-nos-casos-de-dengue-neste-ano","status":"publish","type":"post","link":"https:\/\/migracao.redenoticia.com.br\/noticia\/2016\/sao-paulo-registra-reducao-de-81-nos-casos-de-dengue-neste-ano\/86734","title":{"rendered":"S\u00e3o Paulo registra redu\u00e7\u00e3o de 81% nos casos de dengue neste ano"},"content":{"rendered":"<p> O n\u00famero de casos de <strong><em>dengue<\/em><\/strong> no estado de S\u00e3o Paulo foi 81% menor nos primeiros quatro meses do ano do que de janeiro a abril de 2015. Segundo a Secretaria de Estado de Sa\u00fade, foram confirmados 108,6 mil casos em 2016, enquanto no mesmo per\u00edodo do ano passado foram 568 mil. O n\u00famero de mortes tamb\u00e9m teve queda expressiva, de 403 \u00f3bitos nos primeiros quatro meses de 2015 para 44 neste ano.<\/p>\n<p>Quase a metade (49,4%) dos casos est\u00e1 concentrada em cinco munic\u00edpios. Em Ribeir\u00e3o Preto foram registradas 33,2 mil infec\u00e7\u00f5es por dengue, em S\u00e3o Jos\u00e9 do Rio Preto, 7,3 mil, em Presidente Prudente, 6,4 mil, em Birigui, 3,7 mil e em Sert\u00e3ozinho foram 2,9 mil.<\/p>\n<p> O secret\u00e1rio de Sa\u00fade, David Uip, atribuiu a redu\u00e7\u00e3o das infec\u00e7\u00f5es ao sucesso das a\u00e7\u00f5es de combate ao mosquito transmissor. \u201cEssa redu\u00e7\u00e3o expressiva \u00e9 resultado da intensifica\u00e7\u00e3o das a\u00e7\u00f5es de combates ao Aedes aegypti promovidas pelo Governo do Estado e, sobretudo, da colabora\u00e7\u00e3o do poder p\u00fablico e da sociedade civil\u201d, disse.<\/p>\n<p>Chikungunya e zika<\/p>\n<p>Foram identificados 421 casos de chikungunya no estado, sendo que 366 pessoas foram contaminadas em outros locais e 55 contra\u00edram a doen\u00e7a em S\u00e3o Paulo. Em 2015, foram registrados 189 casos, todos contra\u00eddos fora do estado.<\/p>\n<p>Desde novembro do ano passado, foram notificados 279 casos de microcefalia no estado. Em oito pacientes foi confirmada a infec\u00e7\u00e3o cong\u00eanita por zica, em 107 essa liga\u00e7\u00e3o foi descartada. Os demais 164 casos est\u00e3o sob investiga\u00e7\u00e3o.<\/p>\n<p>Desde novembro de 2015, os munic\u00edpios paulistas notificaram 279 casos de microcefalia. Desse total, 8 foram confirmados e 107 foram descartados para microcefalia por infec\u00e7\u00e3o cong\u00eanita, isto \u00e9, s\u00e3o relacionados a outras s\u00edndromes, intoxica\u00e7\u00e3o ex\u00f3gena, ou mesmo, reavalia\u00e7\u00e3o do per\u00edmetro cef\u00e1lico. Outros 164 casos est\u00e3o em investiga\u00e7\u00e3o para infec\u00e7\u00e3o cong\u00eanita.<\/p>\n<p>Daniel Mello &#8211; Rep\u00f3rter da Ag\u00eancia Brasil<br \/>\nEdi\u00e7\u00e3o: Maria Claudia<br \/>\n23\/05\/2016<\/p>\n","protected":false},"excerpt":{"rendered":"<p>O n\u00famero de casos de dengue no estado de S\u00e3o Paulo foi 81% menor nos primeiros quatro meses do ano do que de janeiro a abril de 2015. Segundo a Secretaria de Estado de Sa\u00fade, foram confirmados 108,6 mil casos em 2016, enquanto no mesmo per\u00edodo do ano passado foram 568 mil. O n\u00famero de [&hellip;]<\/p>\n","protected":false},"author":2,"featured_media":40847,"comment_status":"open","ping_status":"closed","sticky":false,"template":"","format":"standard","meta":{"tdm_status":"","tdm_grid_status":"","footnotes":""},"categories":[22,5],"tags":[],"class_list":{"0":"post-86734","1":"post","2":"type-post","3":"status-publish","4":"format-standard","5":"has-post-thumbnail","7":"category-brasil","8":"category-saude-e-vida"},"_links":{"self":[{"href":"https:\/\/migracao.redenoticia.com.br\/noticia\/wp-json\/wp\/v2\/posts\/86734","targetHints":{"allow":["GET"]}}],"collection":[{"href":"https:\/\/migracao.redenoticia.com.br\/noticia\/wp-json\/wp\/v2\/posts"}],"about":[{"href":"https:\/\/migracao.redenoticia.com.br\/noticia\/wp-json\/wp\/v2\/types\/post"}],"author":[{"embeddable":true,"href":"https:\/\/migracao.redenoticia.com.br\/noticia\/wp-json\/wp\/v2\/users\/2"}],"replies":[{"embeddable":true,"href":"https:\/\/migracao.redenoticia.com.br\/noticia\/wp-json\/wp\/v2\/comments?post=86734"}],"version-history":[{"count":0,"href":"https:\/\/migracao.redenoticia.com.br\/noticia\/wp-json\/wp\/v2\/posts\/86734\/revisions"}],"wp:featuredmedia":[{"embeddable":true,"href":"https:\/\/migracao.redenoticia.com.br\/noticia\/wp-json\/wp\/v2\/media\/40847"}],"wp:attachment":[{"href":"https:\/\/migracao.redenoticia.com.br\/noticia\/wp-json\/wp\/v2\/media?parent=86734"}],"wp:term":[{"taxonomy":"category","embeddable":true,"href":"https:\/\/migracao.redenoticia.com.br\/noticia\/wp-json\/wp\/v2\/categories?post=86734"},{"taxonomy":"post_tag","embeddable":true,"href":"https:\/\/migracao.redenoticia.com.br\/noticia\/wp-json\/wp\/v2\/tags?post=86734"}],"curies":[{"name":"wp","href":"https:\/\/api.w.org\/{rel}","templated":true}]}}