{"id":86736,"date":"2016-05-23T10:09:26","date_gmt":"2016-05-23T13:09:26","guid":{"rendered":"http:\/\/www.redenoticia.com.br\/noticia\/?p=86736"},"modified":"2016-05-21T19:10:14","modified_gmt":"2016-05-21T22:10:14","slug":"rio-2016-ingressos-para-os-jogos-olimpicos","status":"publish","type":"post","link":"https:\/\/migracao.redenoticia.com.br\/noticia\/2016\/rio-2016-ingressos-para-os-jogos-olimpicos\/86736","title":{"rendered":"Rio 2016: ingressos para os Jogos Ol\u00edmpicos"},"content":{"rendered":"<p> O Comit\u00ea Rio 2016 j\u00e1 vendeu mais de quatro milh\u00f5es de ingressos para a <strong><em>Olimp\u00edada<\/em><\/strong> do Rio de Janeiro, que ser\u00e1 aberta no dia 5 de agosto, no Est\u00e1dio Jornalista M\u00e1rio Filho, o Maracan\u00e3. O n\u00famero corresponde a 67% dos seis milh\u00f5es de t\u00edquetes disponibilizados para venda, informou sexta-feira (20) o diretor de Ingressos do Comit\u00ea, Donovan Ferreti.<\/p>\n<p>\u201cAinda temos cerca de dois milh\u00f5es de ingressos para venda\u201d, disse o diretor. Ferreti completou que, excluindo os t\u00edquetes para os jogos de futebol ol\u00edmpico, que ocorrer\u00e3o em arenas maiores e em cinco cidades al\u00e9m do Rio de Janeiro (S\u00e3o Paulo, Bras\u00edlia, Belo Horizonte, Salvador e Manaus), os ingressos vendidos alcan\u00e7am 79%.<\/p>\n<p> Ele acredita que a totalidade de ingressos poder\u00e1 ser atingida a partir de junho, quando come\u00e7a a abertura das bilheterias f\u00edsicas e a entrega dos bilhetes. A venda pela internet continuar\u00e1 sendo feita em paralelo: \u201cJ\u00e1 se percebe um aumento nas vendas, principalmente devido \u00e0 Tocha Ol\u00edmpica, que deixa agora os Jogos mais em evid\u00eancia e tamb\u00e9m mostra para as pessoas que a Olimp\u00edada est\u00e1 chegando\u201d. Isso comprova, refor\u00e7ou, a cultura do brasileiro de adquirir ingressos mais pr\u00f3ximo do evento. \u201cIsso est\u00e1 em linha com o nosso planejamento\u201d.<\/p>\n<p>Entre os esportes mais pedidos est\u00e3o futebol, basquetebol, v\u00f4lei, atletismo e handebol. Os estados que mais compraram s\u00e3o liderados pelo Rio de Janeiro, seguindo-se S\u00e3o Paulo, Distrito Federal, Minas Gerais e Bahia.<\/p>\n<p>O balan\u00e7o foi feito durante apresenta\u00e7\u00e3o para a imprensa do visual dos ingressos dos Jogos Rio 2016 pelo Comit\u00ea Organizador dos Jogos Ol\u00edmpicos e Paral\u00edmpicos, na Cidade Nova, bairro do centro do Rio de Janeiro.<\/p>\n<p>Tr\u00eas gr\u00e1ficas de grande porte participaram da licita\u00e7\u00e3o para o contrato de impress\u00e3o dos ingressos, que acabou sendo vencida por uma empresa dos Estados Unidos, \u00fanica gr\u00e1fica no mundo com opera\u00e7\u00e3o 100% dedicada \u00e0 impress\u00e3o de ingressos. Segundo informou a assessoria de imprensa do Comit\u00ea Rio 2016, os t\u00edquetes saem hoje dos Estados Unidos a caminho do Brasil e seguir\u00e3o direto para os Correios, para distribui\u00e7\u00e3o.<\/p>\n<p>O Comit\u00ea destacou que o ingresso comemorativo, para compra online e op\u00e7\u00e3o de entrega via Sedex, com desenho diferenciado para cada disciplina esportiva, estar\u00e1 dispon\u00edvel para os interessados at\u00e9 o pr\u00f3ximo dia 26.<\/p>\n<p>Alana Gandra &#8211; Rep\u00f3rter da Ag\u00eancia Brasil<br \/>\nEdi\u00e7\u00e3o: Jorge Wamburg<br \/>\n23\/05\/2016<\/p>\n","protected":false},"excerpt":{"rendered":"<p>O Comit\u00ea Rio 2016 j\u00e1 vendeu mais de quatro milh\u00f5es de ingressos para a Olimp\u00edada do Rio de Janeiro, que ser\u00e1 aberta no dia 5 de agosto, no Est\u00e1dio Jornalista M\u00e1rio Filho, o Maracan\u00e3. O n\u00famero corresponde a 67% dos seis milh\u00f5es de t\u00edquetes disponibilizados para venda, informou sexta-feira (20) o diretor de Ingressos do [&hellip;]<\/p>\n","protected":false},"author":2,"featured_media":39880,"comment_status":"open","ping_status":"closed","sticky":false,"template":"","format":"standard","meta":{"tdm_status":"","tdm_grid_status":"","footnotes":""},"categories":[22],"tags":[],"class_list":{"0":"post-86736","1":"post","2":"type-post","3":"status-publish","4":"format-standard","5":"has-post-thumbnail","7":"category-brasil"},"_links":{"self":[{"href":"https:\/\/migracao.redenoticia.com.br\/noticia\/wp-json\/wp\/v2\/posts\/86736","targetHints":{"allow":["GET"]}}],"collection":[{"href":"https:\/\/migracao.redenoticia.com.br\/noticia\/wp-json\/wp\/v2\/posts"}],"about":[{"href":"https:\/\/migracao.redenoticia.com.br\/noticia\/wp-json\/wp\/v2\/types\/post"}],"author":[{"embeddable":true,"href":"https:\/\/migracao.redenoticia.com.br\/noticia\/wp-json\/wp\/v2\/users\/2"}],"replies":[{"embeddable":true,"href":"https:\/\/migracao.redenoticia.com.br\/noticia\/wp-json\/wp\/v2\/comments?post=86736"}],"version-history":[{"count":0,"href":"https:\/\/migracao.redenoticia.com.br\/noticia\/wp-json\/wp\/v2\/posts\/86736\/revisions"}],"wp:featuredmedia":[{"embeddable":true,"href":"https:\/\/migracao.redenoticia.com.br\/noticia\/wp-json\/wp\/v2\/media\/39880"}],"wp:attachment":[{"href":"https:\/\/migracao.redenoticia.com.br\/noticia\/wp-json\/wp\/v2\/media?parent=86736"}],"wp:term":[{"taxonomy":"category","embeddable":true,"href":"https:\/\/migracao.redenoticia.com.br\/noticia\/wp-json\/wp\/v2\/categories?post=86736"},{"taxonomy":"post_tag","embeddable":true,"href":"https:\/\/migracao.redenoticia.com.br\/noticia\/wp-json\/wp\/v2\/tags?post=86736"}],"curies":[{"name":"wp","href":"https:\/\/api.w.org\/{rel}","templated":true}]}}