{"id":86738,"date":"2016-05-23T10:10:20","date_gmt":"2016-05-23T13:10:20","guid":{"rendered":"http:\/\/www.redenoticia.com.br\/noticia\/?p=86738"},"modified":"2016-05-21T19:11:20","modified_gmt":"2016-05-21T22:11:20","slug":"queda-na-atividade-e-no-emprego-na-construcao-se-intensifica-em-abril","status":"publish","type":"post","link":"https:\/\/migracao.redenoticia.com.br\/noticia\/2016\/queda-na-atividade-e-no-emprego-na-construcao-se-intensifica-em-abril\/86738","title":{"rendered":"Queda na atividade e no emprego na constru\u00e7\u00e3o se intensifica em abril"},"content":{"rendered":"<p> O ritmo de queda na atividade e no <strong><em>emprego da ind\u00fastria da constru\u00e7\u00e3o<\/em><\/strong> se intensificou em abril, informou a Confedera\u00e7\u00e3o Nacional da Ind\u00fastria (CNI). O \u00edndice de n\u00edvel de atividade registrou 36,4 pontos no m\u00eas passado ante 37,5 pontos em mar\u00e7o, de acordo informa\u00e7\u00f5es da pesquisa Sondagem Ind\u00fastria da Constru\u00e7\u00e3o.<\/p>\n<p>O indicador de emprego assinalou 35,7 pontos frente aos 36,6 pontos em mar\u00e7o. Os indicadores variam de zero a 100. Quanto mais abaixo de 50 pontos, maior e mais disseminada \u00e9 a retra\u00e7\u00e3o na atividade e no emprego.<\/p>\n<p>O n\u00edvel de atividade em rela\u00e7\u00e3o ao usual para o m\u00eas registrou 26,4 pontos em abril. A utiliza\u00e7\u00e3o da capacidade de opera\u00e7\u00e3o na ind\u00fastria da constru\u00e7\u00e3o ficou em 54% em abril, atingindo o piso da s\u00e9rie hist\u00f3rica, iniciada em janeiro de 2012. Al\u00e9m disso, o valor est\u00e1 12 pontos percentuais abaixo da m\u00e9dia hist\u00f3rica.<\/p>\n<p>Pessimismo<\/p>\n<p>Segundo a CNI, a fraca atividade da ind\u00fastria da constru\u00e7\u00e3o mant\u00e9m os empres\u00e1rios pessimistas em maio. No entanto, parte das expectativas para os pr\u00f3ximos seis meses \u00e9 menos negativa do que em abril. O \u00edndice de expectativa sobre o n\u00edvel de atividade subiu de 39,7 pontos em abril para 40,6 pontos em maio e o indicador de expectativas sobre compra de insumos e mat\u00e9rias passou de 38,3 pontos para 39,7 pontos. O \u00edndice de n\u00famero de empregados ficou praticamente est\u00e1vel ao passar de 38,2 pontos para 38,4 pontos no per\u00edodo e o \u00edndice de expectativa sobre novos empreendimentos e servi\u00e7os se manteve inalterado em 37,7 pontos.<\/p>\n<p>O \u00edndice de inten\u00e7\u00e3o de investimento assinalou 23,2 pontos em maio, o menor valor da s\u00e9rie hist\u00f3rica iniciada em novembro de 2013.<\/p>\n<p>O levantamento foi feito entre 2 e 12 de maio com 607 empresas, das quais 191 s\u00e3o pequenas, 274 s\u00e3o m\u00e9dias e 142 de grande porte.<\/p>\n<p>Da Ag\u00eancia Brasil<br \/>\nEdi\u00e7\u00e3o: Kleber Sampaio<br \/>\n23\/05\/2016<\/p>\n","protected":false},"excerpt":{"rendered":"<p>O ritmo de queda na atividade e no emprego da ind\u00fastria da constru\u00e7\u00e3o se intensificou em abril, informou a Confedera\u00e7\u00e3o Nacional da Ind\u00fastria (CNI). O \u00edndice de n\u00edvel de atividade registrou 36,4 pontos no m\u00eas passado ante 37,5 pontos em mar\u00e7o, de acordo informa\u00e7\u00f5es da pesquisa Sondagem Ind\u00fastria da Constru\u00e7\u00e3o. O indicador de emprego assinalou [&hellip;]<\/p>\n","protected":false},"author":2,"featured_media":57585,"comment_status":"open","ping_status":"closed","sticky":false,"template":"","format":"standard","meta":{"tdm_status":"","tdm_grid_status":"","footnotes":""},"categories":[22,7],"tags":[],"class_list":{"0":"post-86738","1":"post","2":"type-post","3":"status-publish","4":"format-standard","5":"has-post-thumbnail","7":"category-brasil","8":"category-economia"},"_links":{"self":[{"href":"https:\/\/migracao.redenoticia.com.br\/noticia\/wp-json\/wp\/v2\/posts\/86738","targetHints":{"allow":["GET"]}}],"collection":[{"href":"https:\/\/migracao.redenoticia.com.br\/noticia\/wp-json\/wp\/v2\/posts"}],"about":[{"href":"https:\/\/migracao.redenoticia.com.br\/noticia\/wp-json\/wp\/v2\/types\/post"}],"author":[{"embeddable":true,"href":"https:\/\/migracao.redenoticia.com.br\/noticia\/wp-json\/wp\/v2\/users\/2"}],"replies":[{"embeddable":true,"href":"https:\/\/migracao.redenoticia.com.br\/noticia\/wp-json\/wp\/v2\/comments?post=86738"}],"version-history":[{"count":0,"href":"https:\/\/migracao.redenoticia.com.br\/noticia\/wp-json\/wp\/v2\/posts\/86738\/revisions"}],"wp:featuredmedia":[{"embeddable":true,"href":"https:\/\/migracao.redenoticia.com.br\/noticia\/wp-json\/wp\/v2\/media\/57585"}],"wp:attachment":[{"href":"https:\/\/migracao.redenoticia.com.br\/noticia\/wp-json\/wp\/v2\/media?parent=86738"}],"wp:term":[{"taxonomy":"category","embeddable":true,"href":"https:\/\/migracao.redenoticia.com.br\/noticia\/wp-json\/wp\/v2\/categories?post=86738"},{"taxonomy":"post_tag","embeddable":true,"href":"https:\/\/migracao.redenoticia.com.br\/noticia\/wp-json\/wp\/v2\/tags?post=86738"}],"curies":[{"name":"wp","href":"https:\/\/api.w.org\/{rel}","templated":true}]}}