{"id":86740,"date":"2016-05-23T10:11:24","date_gmt":"2016-05-23T13:11:24","guid":{"rendered":"http:\/\/www.redenoticia.com.br\/noticia\/?p=86740"},"modified":"2016-05-21T19:12:09","modified_gmt":"2016-05-21T22:12:09","slug":"governo-prepara-medidas-para-melhorar-quadro-fiscal-afirmam-ministros","status":"publish","type":"post","link":"https:\/\/migracao.redenoticia.com.br\/noticia\/2016\/governo-prepara-medidas-para-melhorar-quadro-fiscal-afirmam-ministros\/86740","title":{"rendered":"Governo prepara medidas para melhorar quadro fiscal, afirmam ministros"},"content":{"rendered":"<p> Os ministros da Fazenda, Henrique Meirelles, e do Planejamento, Romero Juc\u00e1, informaram que o governo anunciar\u00e1 a partir desta semana medidas para melhorar a <strong><em>situa\u00e7\u00e3o fiscal do Brasil<\/em><\/strong>. O governo informou que o d\u00e9ficit prim\u00e1rio nas contas p\u00fablicas em 2016 deve chegar a R$ 170,5 bilh\u00f5es.<\/p>\n<p> \u201c\u00c9 uma meta [fiscal] que julgamos bastante realista e n\u00e3o contempla as medidas que est\u00e3o sendo estudadas e ser\u00e3o anunciadas proximamente. [Ser\u00e3o] medidas de ordem administrativa, medidas propostas ao Congresso, ou apoio a medidas que j\u00e1 est\u00e3o em andamento\u201d, esclareceu Meirelles.<\/p>\n<p>CPMF<\/p>\n<p>O ministro da Fazenda, mais uma vez, n\u00e3o descartou o retorno da Contribui\u00e7\u00e3o Provis\u00f3ria sobre a Movimenta\u00e7\u00e3o Financeira (CPMF). \u201cO fato de n\u00e3o estar contemplado [no Relat\u00f3rio de Avalia\u00e7\u00e3o de Receitas e Despesas, encaminhado hoje ao Congresso] n\u00e3o quer dizer que n\u00e3o vai haver foco [na CPMF]. [Prevemos] medidas de redu\u00e7\u00e3o de despesa ou que possa levar a aumento de receitas\u201d.<\/p>\n<p>Segundo Romero Juc\u00e1, as medidas que o governo prepara \u201ct\u00eam o cond\u00e3o de impactar positivamente na meta [fiscal] da LDO [Lei de Diretrizes Or\u00e7ament\u00e1rias] de 2017\u201d. Segundo Juc\u00e1, o governo tamb\u00e9m n\u00e3o descarta a amplia\u00e7\u00e3o da Desvincula\u00e7\u00e3o de Receitas da Uni\u00e3o (DRU).<\/p>\n<p>Mariana Branco &#8211; Rep\u00f3rter da Ag\u00eancia Brasil<br \/>\nEdi\u00e7\u00e3o: Armando Cardoso<br \/>\n23\/05\/2016 <\/p>\n","protected":false},"excerpt":{"rendered":"<p>Os ministros da Fazenda, Henrique Meirelles, e do Planejamento, Romero Juc\u00e1, informaram que o governo anunciar\u00e1 a partir desta semana medidas para melhorar a situa\u00e7\u00e3o fiscal do Brasil. O governo informou que o d\u00e9ficit prim\u00e1rio nas contas p\u00fablicas em 2016 deve chegar a R$ 170,5 bilh\u00f5es. \u201c\u00c9 uma meta [fiscal] que julgamos bastante realista e [&hellip;]<\/p>\n","protected":false},"author":2,"featured_media":57583,"comment_status":"open","ping_status":"closed","sticky":false,"template":"","format":"standard","meta":{"tdm_status":"","tdm_grid_status":"","footnotes":""},"categories":[22,7],"tags":[],"class_list":{"0":"post-86740","1":"post","2":"type-post","3":"status-publish","4":"format-standard","5":"has-post-thumbnail","7":"category-brasil","8":"category-economia"},"_links":{"self":[{"href":"https:\/\/migracao.redenoticia.com.br\/noticia\/wp-json\/wp\/v2\/posts\/86740","targetHints":{"allow":["GET"]}}],"collection":[{"href":"https:\/\/migracao.redenoticia.com.br\/noticia\/wp-json\/wp\/v2\/posts"}],"about":[{"href":"https:\/\/migracao.redenoticia.com.br\/noticia\/wp-json\/wp\/v2\/types\/post"}],"author":[{"embeddable":true,"href":"https:\/\/migracao.redenoticia.com.br\/noticia\/wp-json\/wp\/v2\/users\/2"}],"replies":[{"embeddable":true,"href":"https:\/\/migracao.redenoticia.com.br\/noticia\/wp-json\/wp\/v2\/comments?post=86740"}],"version-history":[{"count":0,"href":"https:\/\/migracao.redenoticia.com.br\/noticia\/wp-json\/wp\/v2\/posts\/86740\/revisions"}],"wp:featuredmedia":[{"embeddable":true,"href":"https:\/\/migracao.redenoticia.com.br\/noticia\/wp-json\/wp\/v2\/media\/57583"}],"wp:attachment":[{"href":"https:\/\/migracao.redenoticia.com.br\/noticia\/wp-json\/wp\/v2\/media?parent=86740"}],"wp:term":[{"taxonomy":"category","embeddable":true,"href":"https:\/\/migracao.redenoticia.com.br\/noticia\/wp-json\/wp\/v2\/categories?post=86740"},{"taxonomy":"post_tag","embeddable":true,"href":"https:\/\/migracao.redenoticia.com.br\/noticia\/wp-json\/wp\/v2\/tags?post=86740"}],"curies":[{"name":"wp","href":"https:\/\/api.w.org\/{rel}","templated":true}]}}