{"id":86773,"date":"2016-05-23T15:34:52","date_gmt":"2016-05-23T18:34:52","guid":{"rendered":"http:\/\/www.redenoticia.com.br\/noticia\/?p=86773"},"modified":"2016-05-23T15:34:52","modified_gmt":"2016-05-23T18:34:52","slug":"novela-abismo-da-paixao-resumo-2405-gael-descobre-que-e-filho-de-ingrid","status":"publish","type":"post","link":"https:\/\/migracao.redenoticia.com.br\/noticia\/2016\/novela-abismo-da-paixao-resumo-2405-gael-descobre-que-e-filho-de-ingrid\/86773","title":{"rendered":"Novela \u201cAbismo da Paix\u00e3o\u201d resumo 24\/05: Gael descobre que \u00e9 filho de Ingrid"},"content":{"rendered":"<p> <img loading=\"lazy\" decoding=\"async\" class=\"alignleft size-thumbnail wp-image-81978\" src=\"https:\/\/migracao.redenoticia.com.br\/noticia\/imagens\/abismo_de_paixao_sbt_resumo_novela-150x112.jpg\" alt=\"abismo_de_paixao_sbt_resumo_novela\" width=\"150\" height=\"112\" srcset=\"https:\/\/migracao.redenoticia.com.br\/noticia\/imagens\/abismo_de_paixao_sbt_resumo_novela-150x112.jpg 150w, https:\/\/migracao.redenoticia.com.br\/noticia\/imagens\/abismo_de_paixao_sbt_resumo_novela-265x198.jpg 265w\" sizes=\"auto, (max-width: 150px) 100vw, 150px\" \/><strong><em>Novela \u201cAbismo da Paix\u00e3o\u201d resumo 24\/05<\/em><\/strong>: Padre Lupe se encontra com Ingrid e lhe diz que o melhor seria que ela fosse embora de uma vez por todas do povoado, porque sua rela\u00e7\u00e3o com Ramiro \u00e9 uma prova contundente que suas inten\u00e7\u00f5es por l\u00e1 n\u00e3o s\u00e3o nada boas. Ingrid responde que n\u00e3o vai, e goste ou n\u00e3o, Gael \u00e9 seu filho, e vai fazer o que for para recuperar seu carinho. Gael chega nesse momento e se surpreende ao ouvir a conversa. Desolado, ele diz ao Padre que n\u00e3o merece descobrir a verdade desta forma. Gael pergunta por que ele o enganou durante tantos anos. Padre Lupe tenta convenc\u00ea-lo de que n\u00e3o poderia ter revelado quem era sua m\u00e3e. Revoltado, Gael diz que qualquer hora aparece o seu pai e o padre diz que este est\u00e1 morto. Gael exige que o Padre o diga quem foi seu pai, ele o responde que fa\u00e7a essa pergunta a sua m\u00e3e.<\/p>\n<p>No cap\u00edtulo 042 (*), novela \u201cAbismo da Paix\u00e3o\u201d, ter\u00e7a-feira, 24 de maio \u2013 Augusto diz a Gael que n\u00e3o se renda, e conven\u00e7a Elisa a se casar com ele, pois talvez assim todos os problemas que eles t\u00eam enfrentado terminem. Guido, furiosa diz a Paulo que ele o envergonha muito, e deveria tamb\u00e9m ter vergonha de que os outros sejam obrigados a ficarem resolvendo seus problemas. Flor\u00eancia segue insistindo com Dami\u00e3o para que voltem a capital, e o diz que far\u00e1 todo o necess\u00e1rio para que se recuperar totalmente, por ele. O Padre Lupe diz a Dami\u00e3o que espera que se ele realmente se casar com Flor\u00eancia, seja por amor, e n\u00e3o para fugir de Elisa, pois casar se por obriga\u00e7\u00e3o n\u00e3o seria justo para nenhuma das partes. Carmen furiosa diz a Augusto que esperava que ele a defende-se de todas as barbaridades que Elisa disse. Augusto diz que Elisa tinha a raz\u00e3o, pois realmente o viu aos beijos com ela, e nesta \u00e9poca Estef\u00e2nia ainda era viva. <\/p>\n<p>Padre Lupe diz a Ingrid que o melhor seria se ela fosse embora de uma vez por todas do povoado, porque sua rela\u00e7\u00e3o com Ramiro \u00e9 uma prova contundente que suas inten\u00e7\u00f5es por l\u00e1 n\u00e3o s\u00e3o nada boas. Ingrid responde que n\u00e3o ir\u00e1, e goste ou n\u00e3o, Gael \u00e9 seu filho, e far\u00e1 o que for para recuperar seu carinho, Gael se surpreende ao ouvir a conversa, e desolado, diz ao Padre que n\u00e3o merece descobrir a verdade desta forma. Gael pergunta se ele o enganou durante tantos anos. Flor\u00eancia se desculpa por haver mentido a respeito de sua gravidez, e diz que a ideia foi de Kenia, Almerinda responde que n\u00e3o tolera mentiras, mas \u00e9 experiente em descobri-las. Elisa e Dami\u00e3o se encontram, ela diz que soube que sua noiva caiu do cavalo, e pergunta como est\u00e1 seu beb\u00ea, Dami\u00e3o responde que Flor\u00eancia nunca esteve gr\u00e1vida, mas que pela queda n\u00e3o tem conseguido mover as pernas. Guido diz a Paulo que arrume suas coisas para que voltem a capital, Paulo responde que tem trabalho no povoado, e n\u00e3o voltar\u00e1 com ele. <\/p>\n<p>Guido o diz que est\u00e1 na bancarrota, e precisa dele. Paulo c\u00ednico diz que se Guido fosse mais inteligente, j\u00e1 teria descoberto que Almerinda faz o que ele diz, e seria f\u00e1cil conseguir dinheiro dela, e assim resolver todos os seus problemas financeiros. O Padre Lupe tenta convencer Gael de que n\u00e3o poderia ter o revelado quem era sua m\u00e3e, Gael revoltado, diz que em umas dessas tamb\u00e9m aparece seu pai, e o padre diz que este, est\u00e1 certo que est\u00e1 morto. Gael exige que o Padre o diga quem foi seu pai, ele o responde que fa\u00e7a essa pergunta a sua m\u00e3e. Almerinda derruba, propositalmente, caf\u00e9 quente nas pernas de Flor\u00eancia, e acaba descobrindo que ela pode sim mexer as pernas, e essa era apenas mais uma mentira.  <\/p>\n<p>(*) edi\u00e7\u00e3o do SBT, Novela \u201cAbismo da Paix\u00e3o\u201d, sujeito a altera\u00e7\u00e3o de data e conte\u00fado.<\/p>\n","protected":false},"excerpt":{"rendered":"<p>Novela \u201cAbismo da Paix\u00e3o\u201d resumo 24\/05: Padre Lupe se encontra com Ingrid e lhe diz que o melhor seria que ela fosse embora de uma vez por todas do povoado, porque sua rela\u00e7\u00e3o com Ramiro \u00e9 uma prova contundente que suas inten\u00e7\u00f5es por l\u00e1 n\u00e3o s\u00e3o nada boas. Ingrid responde que n\u00e3o vai, e goste [&hellip;]<\/p>\n","protected":false},"author":2,"featured_media":81978,"comment_status":"open","ping_status":"closed","sticky":false,"template":"","format":"standard","meta":{"tdm_status":"","tdm_grid_status":"","footnotes":""},"categories":[379,372,343],"tags":[441],"class_list":{"0":"post-86773","1":"post","2":"type-post","3":"status-publish","4":"format-standard","5":"has-post-thumbnail","7":"category-novelas","8":"category-sbt","9":"category-televisao","10":"tag-resumo-do-dia"},"_links":{"self":[{"href":"https:\/\/migracao.redenoticia.com.br\/noticia\/wp-json\/wp\/v2\/posts\/86773","targetHints":{"allow":["GET"]}}],"collection":[{"href":"https:\/\/migracao.redenoticia.com.br\/noticia\/wp-json\/wp\/v2\/posts"}],"about":[{"href":"https:\/\/migracao.redenoticia.com.br\/noticia\/wp-json\/wp\/v2\/types\/post"}],"author":[{"embeddable":true,"href":"https:\/\/migracao.redenoticia.com.br\/noticia\/wp-json\/wp\/v2\/users\/2"}],"replies":[{"embeddable":true,"href":"https:\/\/migracao.redenoticia.com.br\/noticia\/wp-json\/wp\/v2\/comments?post=86773"}],"version-history":[{"count":0,"href":"https:\/\/migracao.redenoticia.com.br\/noticia\/wp-json\/wp\/v2\/posts\/86773\/revisions"}],"wp:featuredmedia":[{"embeddable":true,"href":"https:\/\/migracao.redenoticia.com.br\/noticia\/wp-json\/wp\/v2\/media\/81978"}],"wp:attachment":[{"href":"https:\/\/migracao.redenoticia.com.br\/noticia\/wp-json\/wp\/v2\/media?parent=86773"}],"wp:term":[{"taxonomy":"category","embeddable":true,"href":"https:\/\/migracao.redenoticia.com.br\/noticia\/wp-json\/wp\/v2\/categories?post=86773"},{"taxonomy":"post_tag","embeddable":true,"href":"https:\/\/migracao.redenoticia.com.br\/noticia\/wp-json\/wp\/v2\/tags?post=86773"}],"curies":[{"name":"wp","href":"https:\/\/api.w.org\/{rel}","templated":true}]}}