{"id":86787,"date":"2016-05-23T19:20:06","date_gmt":"2016-05-23T22:20:06","guid":{"rendered":"http:\/\/www.redenoticia.com.br\/noticia\/?p=86787"},"modified":"2016-05-23T16:23:15","modified_gmt":"2016-05-23T19:23:15","slug":"novela-os-dez-mandamentos-resumo-2405-balaao-diz-a-betania-que-vai-partir","status":"publish","type":"post","link":"https:\/\/migracao.redenoticia.com.br\/noticia\/2016\/novela-os-dez-mandamentos-resumo-2405-balaao-diz-a-betania-que-vai-partir\/86787","title":{"rendered":"Novela \u201cOs Dez Mandamentos\u201d resumo 24\/05: Bala\u00e3o diz \u00e0 Bet\u00e2nia que vai partir"},"content":{"rendered":"<p> <img loading=\"lazy\" decoding=\"async\" class=\"alignleft size-thumbnail wp-image-83604\" src=\"https:\/\/migracao.redenoticia.com.br\/noticia\/imagens\/os_dez_mandamentos_nova_temporada-150x112.jpg\" alt=\"os_dez_mandamentos_nova_temporada\" width=\"150\" height=\"112\" srcset=\"https:\/\/migracao.redenoticia.com.br\/noticia\/imagens\/os_dez_mandamentos_nova_temporada-150x112.jpg 150w, https:\/\/migracao.redenoticia.com.br\/noticia\/imagens\/os_dez_mandamentos_nova_temporada-265x198.jpg 265w, https:\/\/migracao.redenoticia.com.br\/noticia\/imagens\/os_dez_mandamentos_nova_temporada-345x261.jpg 345w\" sizes=\"auto, (max-width: 150px) 100vw, 150px\" \/><strong><em>Novela \u201cOs Dez Mandamentos\u201d resumo 24\/05<\/em><\/strong>: Bala\u00e3o fica tenso quando v\u00ea algumas manchas em sua m\u00e3o e nos bra\u00e7os. Ele tenta esconder as manchas de Elda, mas ela v\u00ea e pede que ele se afaste por estar com lepra. Balaque chama Bala\u00e3o em sua sala e diz que foi tra\u00eddo. Balaque diz que o feiticeiro contou \u00e0 Bet\u00e2nia sobre a morte de Menahem e a pris\u00e3o do pai. Elda diz ao rei que Bala\u00e3o est\u00e1 com lepra. Bala\u00e3o diz \u00e0 Bet\u00e2nia que vai deixar o pal\u00e1cio. Bala\u00e3o amea\u00e7a Elda e Bet\u00e2nia. As duas ficam preocupadas. Elda e Zur comemoram a vit\u00f3ria sobre Bala\u00e3o.<\/p>\n<p>No capitulo 037*), novela \u201cOs Dez Mandamentos\u201d, ter\u00e7a-feira, 24 de maio &#8211; Nadabe e Abi\u00fa est\u00e3o mortos e Mois\u00e9s pede para que Misael e Elzaf\u00e3 levem os corpos. Mois\u00e9s fala para Ar\u00e3o, Elezar e Itamar n\u00e3o rasgarem as vestes, nem chorar, nem mesmo guardar luto. Isto porque ainda se encontram com o \u00f3leo da un\u00e7\u00e3o. Quem desobedecer poder\u00e1 ser levado tamb\u00e9m \u00e0 morte. Bala\u00e3o fica tenso quando v\u00ea algumas manchas em sua m\u00e3o e nos bra\u00e7os. Ele tenta esconder as manchas de Elda, mas ela v\u00ea e pede que ele se afaste por estar com lepra. Mois\u00e9s conta a sua m\u00e3e, Joquebede, que Nadabe e Abi\u00fa n\u00e3o fizerem o que Deus ordenou e morreram. <\/p>\n<p>Toda a fam\u00edlia sofre. Em outra tenda, Josu\u00e9 conta \u00e0 Ana e Joana que Abi\u00fa faleceu. Joana se sente culpada. No tabern\u00e1culo Deus conversa com Ar\u00e3o e pede que n\u00e3o consumam vinho ou bebida forte antes de entrarem na tenda da congrega\u00e7\u00e3o. Deus diz que este ser\u00e1 um estatuto perp\u00e9tuo entre as futuras gera\u00e7\u00f5es para fazer distin\u00e7\u00e3o entre o sagrado e o profano, entre o imundo e o limpo. E para que ensine aos filhos de Israel todos os estatutos que tem falado por interm\u00e9dio de Mois\u00e9s. Ar\u00e3o aceita e agradece pela confian\u00e7a que Deus depositou nele. Balaque chama Bala\u00e3o em sua sala e diz que foi tra\u00eddo. <\/p>\n<p>Balaque diz que o feiticeiro contou \u00e0 Bet\u00e2nia sobre a morte de Menahem e a pris\u00e3o do pai. Elda diz ao rei que Bala\u00e3o est\u00e1 com lepra. Bala\u00e3o diz \u00e0 Bet\u00e2nia que vai deixar o pal\u00e1cio. Bal\u00e3o amea\u00e7a Elda e Bet\u00e2nia. As duas ficam preocupadas. Elda e Zur comemoram a vit\u00f3ria sobre Bala\u00e3o. O mercador Roshom leva Adira \u00e0 sala do Rei Seom. Oren tamb\u00e9m est\u00e1 na sala e pede que a mo\u00e7a levante a cabe\u00e7a para ver se \u00e9 a mesma pessoa. Adira levanta o rosto. Os olhos de Adira se cruzam com os de Oren. Oren se espanta ao ver que \u00e9 a mesma mo\u00e7a por quem se apaixonou. Seom fica surpreso pela beleza da mo\u00e7a.<\/p>\n<p>(*) edi\u00e7\u00e3o da Rede Record, Novela \u201cOs Dez Mandamentos\u201d, sujeito a altera\u00e7\u00e3o de data e conte\u00fado. <\/p>\n","protected":false},"excerpt":{"rendered":"<p>Novela \u201cOs Dez Mandamentos\u201d resumo 24\/05: Bala\u00e3o fica tenso quando v\u00ea algumas manchas em sua m\u00e3o e nos bra\u00e7os. Ele tenta esconder as manchas de Elda, mas ela v\u00ea e pede que ele se afaste por estar com lepra. Balaque chama Bala\u00e3o em sua sala e diz que foi tra\u00eddo. Balaque diz que o feiticeiro [&hellip;]<\/p>\n","protected":false},"author":2,"featured_media":83604,"comment_status":"open","ping_status":"closed","sticky":false,"template":"","format":"standard","meta":{"tdm_status":"","tdm_grid_status":"","footnotes":""},"categories":[379,424,371,343],"tags":[441],"class_list":{"0":"post-86787","1":"post","2":"type-post","3":"status-publish","4":"format-standard","5":"has-post-thumbnail","7":"category-novelas","8":"category-os-dez-mandamentos","9":"category-rede-record","10":"category-televisao","11":"tag-resumo-do-dia"},"_links":{"self":[{"href":"https:\/\/migracao.redenoticia.com.br\/noticia\/wp-json\/wp\/v2\/posts\/86787","targetHints":{"allow":["GET"]}}],"collection":[{"href":"https:\/\/migracao.redenoticia.com.br\/noticia\/wp-json\/wp\/v2\/posts"}],"about":[{"href":"https:\/\/migracao.redenoticia.com.br\/noticia\/wp-json\/wp\/v2\/types\/post"}],"author":[{"embeddable":true,"href":"https:\/\/migracao.redenoticia.com.br\/noticia\/wp-json\/wp\/v2\/users\/2"}],"replies":[{"embeddable":true,"href":"https:\/\/migracao.redenoticia.com.br\/noticia\/wp-json\/wp\/v2\/comments?post=86787"}],"version-history":[{"count":0,"href":"https:\/\/migracao.redenoticia.com.br\/noticia\/wp-json\/wp\/v2\/posts\/86787\/revisions"}],"wp:featuredmedia":[{"embeddable":true,"href":"https:\/\/migracao.redenoticia.com.br\/noticia\/wp-json\/wp\/v2\/media\/83604"}],"wp:attachment":[{"href":"https:\/\/migracao.redenoticia.com.br\/noticia\/wp-json\/wp\/v2\/media?parent=86787"}],"wp:term":[{"taxonomy":"category","embeddable":true,"href":"https:\/\/migracao.redenoticia.com.br\/noticia\/wp-json\/wp\/v2\/categories?post=86787"},{"taxonomy":"post_tag","embeddable":true,"href":"https:\/\/migracao.redenoticia.com.br\/noticia\/wp-json\/wp\/v2\/tags?post=86787"}],"curies":[{"name":"wp","href":"https:\/\/api.w.org\/{rel}","templated":true}]}}